{"id":113671,"date":"2017-05-22T16:44:14","date_gmt":"2017-05-22T19:44:14","guid":{"rendered":"https:\/\/www.redenoticia.com.br\/noticia\/?p=113671"},"modified":"2017-05-23T20:42:57","modified_gmt":"2017-05-23T23:42:57","slug":"novela-a-escrava-isaura-resumo-2305-leoncio-bate-em-isaura-e-ameaca-mata-la","status":"publish","type":"post","link":"https:\/\/migracao.redenoticia.com.br\/noticia\/2017\/novela-a-escrava-isaura-resumo-2305-leoncio-bate-em-isaura-e-ameaca-mata-la\/113671","title":{"rendered":"Novela \u201cA Escrava Isaura\u201d resumo 23\/05: Miguel descobre que \u00c1lvaro quer raptar Isaura"},"content":{"rendered":"<p> <img loading=\"lazy\" decoding=\"async\" class=\"alignleft size-thumbnail wp-image-103446\" src=\"https:\/\/migracao.redenoticia.com.br\/noticia\/imagens\/a_escrava_isaura_record_novela_resumo-150x112.jpg\" alt=\"\" width=\"150\" height=\"112\" srcset=\"https:\/\/migracao.redenoticia.com.br\/noticia\/imagens\/a_escrava_isaura_record_novela_resumo-150x112.jpg 150w, https:\/\/migracao.redenoticia.com.br\/noticia\/imagens\/a_escrava_isaura_record_novela_resumo-265x198.jpg 265w\" sizes=\"auto, (max-width: 150px) 100vw, 150px\" \/><strong><em>Novela \u201cA Escrava Isaura\u201d resumo 23\/05<\/em><\/strong>: no capitulo 097 (*) da novela \u201cA Escrava Isaura\u201d, ter\u00e7a-feira, 23 de maio, Le\u00f4ncio pede para Francisco tirar a coleira de ferro do pesco\u00e7o de Isaura. Henrique quer raptar Isaura. Miguel visita a filha. Cel. Sebasti\u00e3o deixa Rosa ir ao casamento. Tom\u00e1sia diz a Miguel que \u00c1lvaro quer raptar Isaura. Andr\u00e9 conversa com Jo\u00e3o e Joaquina. Miguel visita \u00c1lvaro. Estela pede para que sua filha pe\u00e7a perd\u00e3o \u00e0 Perp\u00e9tua, mas ela nega. Le\u00f4ncio leva Isaura para o quarto e lhe diz que ser\u00e1 sua despedida de solteira. <\/p>\n<p>(*) edi\u00e7\u00e3o da Rede Record, Novela \u201cA Escrava Isaura\u201d, sujeito a altera\u00e7\u00e3o de data e conte\u00fado.<\/p>\n<p>A Escrava Isaura \u00e9 uma telenovela brasileira produzida pela Rede Record de Televis\u00e3o e exibida entre 18 de outubro de 2004 e 29 de abril de 2005, totalizando 167 cap\u00edtulos, 27 a mais que o originalmente previsto. Escrita por Tiago Santiago, Anamaria Nunes com colabora\u00e7\u00e3o de Altenir Silva e dirigida por Herval Rossano, F\u00e1bio Junqueira, Em\u00edlio Di Biasi e Fl\u00e1vio Colatrello Jr., \u00e9 inspirada no romance hom\u00f4nimo de 1875, escrito por Bernardo Guimar\u00e3es. A obra foi um sucesso logo ap\u00f3s ser publicada, em parte pelo apelo feminino em raz\u00e3o do sentimentalismo do enredo. O livro toca em pontos abolicionistas, que eram controversos na \u00e9poca e \u00e9 considerado um marco na literatura abolicionista brasileira.<\/p>\n","protected":false},"excerpt":{"rendered":"<p>Novela \u201cA Escrava Isaura\u201d resumo 23\/05: no capitulo 097 (*) da novela \u201cA Escrava Isaura\u201d, ter\u00e7a-feira, 23 de maio, Le\u00f4ncio pede para Francisco tirar a coleira de ferro do pesco\u00e7o de Isaura. Henrique quer raptar Isaura. Miguel visita a filha. Cel. Sebasti\u00e3o deixa Rosa ir ao casamento. Tom\u00e1sia diz a Miguel que \u00c1lvaro quer raptar [&hellip;]<\/p>\n","protected":false},"author":2,"featured_media":103446,"comment_status":"closed","ping_status":"closed","sticky":false,"template":"","format":"standard","meta":{"tdm_status":"","tdm_grid_status":"","footnotes":""},"categories":[379,371,343],"tags":[441],"class_list":{"0":"post-113671","1":"post","2":"type-post","3":"status-publish","4":"format-standard","5":"has-post-thumbnail","7":"category-novelas","8":"category-rede-record","9":"category-televisao","10":"tag-resumo-do-dia"},"_links":{"self":[{"href":"https:\/\/migracao.redenoticia.com.br\/noticia\/wp-json\/wp\/v2\/posts\/113671","targetHints":{"allow":["GET"]}}],"collection":[{"href":"https:\/\/migracao.redenoticia.com.br\/noticia\/wp-json\/wp\/v2\/posts"}],"about":[{"href":"https:\/\/migracao.redenoticia.com.br\/noticia\/wp-json\/wp\/v2\/types\/post"}],"author":[{"embeddable":true,"href":"https:\/\/migracao.redenoticia.com.br\/noticia\/wp-json\/wp\/v2\/users\/2"}],"replies":[{"embeddable":true,"href":"https:\/\/migracao.redenoticia.com.br\/noticia\/wp-json\/wp\/v2\/comments?post=113671"}],"version-history":[{"count":0,"href":"https:\/\/migracao.redenoticia.com.br\/noticia\/wp-json\/wp\/v2\/posts\/113671\/revisions"}],"wp:featuredmedia":[{"embeddable":true,"href":"https:\/\/migracao.redenoticia.com.br\/noticia\/wp-json\/wp\/v2\/media\/103446"}],"wp:attachment":[{"href":"https:\/\/migracao.redenoticia.com.br\/noticia\/wp-json\/wp\/v2\/media?parent=113671"}],"wp:term":[{"taxonomy":"category","embeddable":true,"href":"https:\/\/migracao.redenoticia.com.br\/noticia\/wp-json\/wp\/v2\/categories?post=113671"},{"taxonomy":"post_tag","embeddable":true,"href":"https:\/\/migracao.redenoticia.com.br\/noticia\/wp-json\/wp\/v2\/tags?post=113671"}],"curies":[{"name":"wp","href":"https:\/\/api.w.org\/{rel}","templated":true}]}}