{"id":113680,"date":"2017-05-22T00:05:50","date_gmt":"2017-05-22T03:05:50","guid":{"rendered":"https:\/\/www.redenoticia.com.br\/noticia\/?p=113680"},"modified":"2017-05-21T19:21:08","modified_gmt":"2017-05-21T22:21:08","slug":"fatec-sao-carlos-seleciona-alunos-para-o-curso-escola-de-inovadores","status":"publish","type":"post","link":"https:\/\/migracao.redenoticia.com.br\/noticia\/2017\/fatec-sao-carlos-seleciona-alunos-para-o-curso-escola-de-inovadores\/113680","title":{"rendered":"Fatec S\u00e3o Carlos seleciona alunos para o curso Escola de Inovadores"},"content":{"rendered":"<p> A Faculdade de Tecnologia do Estado (Fatec) S\u00e3o Carlos est\u00e1 com as inscri\u00e7\u00f5es abertas, at\u00e9 30 de maio, para a primeira turma do <strong><em>projeto Escola de Inovadores<\/em><\/strong>. A iniciativa faz parte de um curso gratuito de extens\u00e3o em Empreendedorismo, promovido pela Ag\u00eancia Inova Paula Souza, com o objetivo de ensinar estudantes com esp\u00edrito empreendedor a transformar ideias inovadoras em startups.<\/p>\n<p>As inscri\u00e7\u00f5es tamb\u00e9m s\u00e3o gratuitas e devem ser feitas pelo . O curso \u201cEscola de Inovadores\u201d teve in\u00edcio h\u00e1 dois anos, na Fatec S\u00e3o Jos\u00e9 dos Campos. Em seguida, a proposta chegou \u00e0s unidades de Ja\u00fa, Sert\u00e3ozinho, Pindamonhangaba e, agora, S\u00e3o Carlos, no interior paulista.<\/p>\n<p>Para participar da iniciativa, o candidato deve apresentar um plano de empreendedorismo, que ser\u00e1 avaliado por um comit\u00ea composto por representantes do , de entidades civis e empres\u00e1rios. A escolha ser\u00e1 feita com base em crit\u00e9rios como inova\u00e7\u00e3o, viabilidade t\u00e9cnica e maturidade da ideia, al\u00e9m do potencial mercadol\u00f3gico e da gera\u00e7\u00e3o de valor. Ao todo, ser\u00e3o selecionados 25 alunos.<\/p>\n<p>Aulas<br \/>\nCom dura\u00e7\u00e3o de 20 semanas, os encontros do curso ser\u00e3o realizados nas manh\u00e3s de s\u00e1bados. A primeira aula est\u00e1 programada para dia 5 de agosto. Durante as atividades, os estudantes receber\u00e3o mentoria na constru\u00e7\u00e3o do plano de neg\u00f3cios. Ser\u00e3o trabalhadas t\u00e9cnicas como design thinking, modelagem de neg\u00f3cios e prototipagem.<\/p>\n<p>Os alunos tamb\u00e9m ter\u00e3o contato com investidores, especialistas e empresas de coworking. A Escola de Inovadores da Fatec S\u00e3o Carlos conta com o apoio da Funda\u00e7\u00e3o ParqTec, Sebrae, WikiLab, Secretaria Municipal de Trabalho, Emprego e Renda, SancaHub e Mosaico 21.<\/p>\n<p>Do Portal do Governo SP<\/p>\n","protected":false},"excerpt":{"rendered":"<p>A Faculdade de Tecnologia do Estado (Fatec) S\u00e3o Carlos est\u00e1 com as inscri\u00e7\u00f5es abertas, at\u00e9 30 de maio, para a primeira turma do projeto Escola de Inovadores. A iniciativa faz parte de um curso gratuito de extens\u00e3o em Empreendedorismo, promovido pela Ag\u00eancia Inova Paula Souza, com o objetivo de ensinar estudantes com esp\u00edrito empreendedor a [&hellip;]<\/p>\n","protected":false},"author":2,"featured_media":36244,"comment_status":"closed","ping_status":"closed","sticky":false,"template":"","format":"standard","meta":{"tdm_status":"","tdm_grid_status":"","footnotes":""},"categories":[22,351,370],"tags":[],"class_list":{"0":"post-113680","1":"post","2":"type-post","3":"status-publish","4":"format-standard","5":"has-post-thumbnail","7":"category-brasil","8":"category-cursos","9":"category-inscricao"},"_links":{"self":[{"href":"https:\/\/migracao.redenoticia.com.br\/noticia\/wp-json\/wp\/v2\/posts\/113680","targetHints":{"allow":["GET"]}}],"collection":[{"href":"https:\/\/migracao.redenoticia.com.br\/noticia\/wp-json\/wp\/v2\/posts"}],"about":[{"href":"https:\/\/migracao.redenoticia.com.br\/noticia\/wp-json\/wp\/v2\/types\/post"}],"author":[{"embeddable":true,"href":"https:\/\/migracao.redenoticia.com.br\/noticia\/wp-json\/wp\/v2\/users\/2"}],"replies":[{"embeddable":true,"href":"https:\/\/migracao.redenoticia.com.br\/noticia\/wp-json\/wp\/v2\/comments?post=113680"}],"version-history":[{"count":0,"href":"https:\/\/migracao.redenoticia.com.br\/noticia\/wp-json\/wp\/v2\/posts\/113680\/revisions"}],"wp:featuredmedia":[{"embeddable":true,"href":"https:\/\/migracao.redenoticia.com.br\/noticia\/wp-json\/wp\/v2\/media\/36244"}],"wp:attachment":[{"href":"https:\/\/migracao.redenoticia.com.br\/noticia\/wp-json\/wp\/v2\/media?parent=113680"}],"wp:term":[{"taxonomy":"category","embeddable":true,"href":"https:\/\/migracao.redenoticia.com.br\/noticia\/wp-json\/wp\/v2\/categories?post=113680"},{"taxonomy":"post_tag","embeddable":true,"href":"https:\/\/migracao.redenoticia.com.br\/noticia\/wp-json\/wp\/v2\/tags?post=113680"}],"curies":[{"name":"wp","href":"https:\/\/api.w.org\/{rel}","templated":true}]}}