{"id":113698,"date":"2017-05-23T00:04:02","date_gmt":"2017-05-23T03:04:02","guid":{"rendered":"https:\/\/www.redenoticia.com.br\/noticia\/?p=113698"},"modified":"2017-05-22T16:27:46","modified_gmt":"2017-05-22T19:27:46","slug":"aplicativo-dimensiona-reservatorios-de-captacao-de-agua-da-chuva","status":"publish","type":"post","link":"https:\/\/migracao.redenoticia.com.br\/noticia\/2017\/aplicativo-dimensiona-reservatorios-de-captacao-de-agua-da-chuva\/113698","title":{"rendered":"Aplicativo dimensiona reservat\u00f3rios de capta\u00e7\u00e3o de \u00e1gua da chuva"},"content":{"rendered":"<p> Ag\u00eancia FAPESP \u2013 Pesquisadores da Escola Polit\u00e9cnica da Universidade de S\u00e3o Paulo (Poli-USP) criaram um modelo matem\u00e1tico e um software que permite o dimensionamento adequado de reservat\u00f3rios para <em><strong>capta\u00e7\u00e3o e aproveitamento da \u00e1gua de chuva<\/strong><\/em>. Al\u00e9m de considerar a demanda de consumo e o regime de chuva local, o sistema tamb\u00e9m estima o tempo de amortiza\u00e7\u00e3o do investimento. O software pode ser usado sob licen\u00e7a por empresas e profissionais de constru\u00e7\u00e3o civil.<\/p>\n<p>Segundo a Poli-USP, o sistema permite a obten\u00e7\u00e3o de dados pluviom\u00e9tricos do Centro de Previs\u00e3o de Tempo e Estudos Clim\u00e1ticos (CPTEC), do Instituto Nacional de Pesquisas Espaciais (Inpe), o que possibilita a realiza\u00e7\u00e3o dos c\u00e1lculos. Caso o usu\u00e1rio prefira, pode utilizar dados pluviom\u00e9tricos de outras fontes, mas, neste \u00faltimo caso, ter\u00e1 que inserir manualmente os dados.<\/p>\n<p>\u201cAo entrar no sistema, o usu\u00e1rio primeiro escolhe o per\u00edodo de chuva e esta\u00e7\u00e3o meteorol\u00f3gica para obter as informa\u00e7\u00f5es pluviom\u00e9tricas necess\u00e1rias, referentes \u00e0 regi\u00e3o na qual pretende construir o reservat\u00f3rio. Depois, define itens como o tamanho da \u00e1rea de cobertura (dispon\u00edvel para captar \u00e1gua), o fator de capta\u00e7\u00e3o, a varia\u00e7\u00e3o da demanda de \u00e1gua di\u00e1ria e do volume do reservat\u00f3rio de armazenagem para o projeto\u201d, disse , diretor t\u00e9cnico do Centro Internacional de Refer\u00eancia em Re\u00faso de \u00c1gua (Cirra) da Poli e um dos integrantes do grupo de pesquisa.<\/p>\n<p>O resultado \u00e9 um gr\u00e1fico que mostra quanto ser\u00e1 captado de \u00e1gua de acordo com o volume do reservat\u00f3rio pensado e a demanda projetada. O sistema permite ver dados mais espec\u00edficos, como, por exemplo, quanto se aproveita de \u00e1gua de chuva a cada m\u00eas, qual a precipita\u00e7\u00e3o do ano, quantos dias o edif\u00edcio ficaria sem \u00e1gua se dependesse s\u00f3 desse sistema de capta\u00e7\u00e3o, qual o melhor volume de reservat\u00f3rio de acordo com o investimento dispon\u00edvel e o tempo em que se quer recuperar esse investimento, entre outros.<\/p>\n<p>\u201cComo \u00e9 poss\u00edvel trabalhar com v\u00e1rios cen\u00e1rios \u2013 por exemplo, pode-se fazer uma estimativa de maior ou menor demanda \u2013, o profissional que est\u00e1 projetando o reservat\u00f3rio poder\u00e1 escolher a melhor op\u00e7\u00e3o para sua obra, tanto em termos de aproveitamento m\u00e1ximo da \u00e1gua da chuva quanto em rela\u00e7\u00e3o ao melhor retorno de investimento\u201d, disse Mierzwa.<\/p>\n<p>Al\u00e9m da vantagem de se ter um reservat\u00f3rio dimensionado corretamente, o software propicia uma economia de tempo significativa na elabora\u00e7\u00e3o do projeto.<\/p>\n<p>O software, intitulado CAPCHU &#8211; Capta\u00e7\u00e3o de \u00c1gua de Chuva, obteve registro no Instituto Nacional da Propriedade Industrial (INPI) em janeiro deste ano.<\/p>\n<p>Mais informa\u00e7\u00f5es: .<\/p>\n","protected":false},"excerpt":{"rendered":"<p>Ag\u00eancia FAPESP \u2013 Pesquisadores da Escola Polit\u00e9cnica da Universidade de S\u00e3o Paulo (Poli-USP) criaram um modelo matem\u00e1tico e um software que permite o dimensionamento adequado de reservat\u00f3rios para capta\u00e7\u00e3o e aproveitamento da \u00e1gua de chuva. Al\u00e9m de considerar a demanda de consumo e o regime de chuva local, o sistema tamb\u00e9m estima o tempo de [&hellip;]<\/p>\n","protected":false},"author":2,"featured_media":34905,"comment_status":"open","ping_status":"closed","sticky":false,"template":"","format":"standard","meta":{"tdm_status":"","tdm_grid_status":"","footnotes":""},"categories":[22],"tags":[],"class_list":{"0":"post-113698","1":"post","2":"type-post","3":"status-publish","4":"format-standard","5":"has-post-thumbnail","7":"category-brasil"},"_links":{"self":[{"href":"https:\/\/migracao.redenoticia.com.br\/noticia\/wp-json\/wp\/v2\/posts\/113698","targetHints":{"allow":["GET"]}}],"collection":[{"href":"https:\/\/migracao.redenoticia.com.br\/noticia\/wp-json\/wp\/v2\/posts"}],"about":[{"href":"https:\/\/migracao.redenoticia.com.br\/noticia\/wp-json\/wp\/v2\/types\/post"}],"author":[{"embeddable":true,"href":"https:\/\/migracao.redenoticia.com.br\/noticia\/wp-json\/wp\/v2\/users\/2"}],"replies":[{"embeddable":true,"href":"https:\/\/migracao.redenoticia.com.br\/noticia\/wp-json\/wp\/v2\/comments?post=113698"}],"version-history":[{"count":0,"href":"https:\/\/migracao.redenoticia.com.br\/noticia\/wp-json\/wp\/v2\/posts\/113698\/revisions"}],"wp:featuredmedia":[{"embeddable":true,"href":"https:\/\/migracao.redenoticia.com.br\/noticia\/wp-json\/wp\/v2\/media\/34905"}],"wp:attachment":[{"href":"https:\/\/migracao.redenoticia.com.br\/noticia\/wp-json\/wp\/v2\/media?parent=113698"}],"wp:term":[{"taxonomy":"category","embeddable":true,"href":"https:\/\/migracao.redenoticia.com.br\/noticia\/wp-json\/wp\/v2\/categories?post=113698"},{"taxonomy":"post_tag","embeddable":true,"href":"https:\/\/migracao.redenoticia.com.br\/noticia\/wp-json\/wp\/v2\/tags?post=113698"}],"curies":[{"name":"wp","href":"https:\/\/api.w.org\/{rel}","templated":true}]}}