{"id":113713,"date":"2017-05-23T16:46:40","date_gmt":"2017-05-23T19:46:40","guid":{"rendered":"https:\/\/www.redenoticia.com.br\/noticia\/?p=113713"},"modified":"2017-05-23T21:42:23","modified_gmt":"2017-05-24T00:42:23","slug":"novela-o-rico-e-lazaro-resumo-2405-nitocris-reencontra-o-filho-e-o-abraca","status":"publish","type":"post","link":"https:\/\/migracao.redenoticia.com.br\/noticia\/2017\/novela-o-rico-e-lazaro-resumo-2405-nitocris-reencontra-o-filho-e-o-abraca\/113713","title":{"rendered":"Novela \u201cO Rico e L\u00e1zaro\u201d resumo 24\/05: Nit\u00f3cris reencontra o filho e o abra\u00e7a"},"content":{"rendered":"<p> <img loading=\"lazy\" decoding=\"async\" src=\"https:\/\/migracao.redenoticia.com.br\/noticia\/imagens\/o_rico_e_o_lazaro_resumo_novela_record-150x112.jpg\" alt=\"\" width=\"150\" height=\"112\" class=\"alignleft size-thumbnail wp-image-107948\" srcset=\"https:\/\/migracao.redenoticia.com.br\/noticia\/imagens\/o_rico_e_o_lazaro_resumo_novela_record-150x112.jpg 150w, https:\/\/migracao.redenoticia.com.br\/noticia\/imagens\/o_rico_e_o_lazaro_resumo_novela_record-265x198.jpg 265w\" sizes=\"auto, (max-width: 150px) 100vw, 150px\" \/><strong><em>Novela \u201cO Rico e L\u00e1zaro\u201d resumo 24\/05<\/em><\/strong>: no capitulo 053(*) da novela \u201cO Rico e L\u00e1zaro\u201d, quarta-feira, 24 de maio, Asher fica aliviado por n\u00e3o ter sido atacado pela leoa, mas lamenta que um escravo tenha morrido no ataque. Abednego come\u00e7a a se entender com Naomi. Elga e as noras disputam na sorte para saber como ficar\u00e1 a divis\u00e3o dos quartos. Ezequiel agradece o acolhimento da fam\u00edlia de Zadoque. Sadraque e Mesaque acompanham Dalila e Raquel at\u00e9 o pal\u00e1cio. Talita e Samira dizem que Elga far\u00e1 a divis\u00e3o dos quartos. Daniel fala de Deus com os s\u00e1bios. Belsazar v\u00ea um vulto em seu quarto. Elga diz que Tamir e Talita ocupar\u00e3o o quarto de Nicolau. Namnu entra desesperada no quarto de Nit\u00f3cris e avisa que Belsazar sumiu. Ezequiel conversa com Deus e tem a vis\u00e3o do Vale dos Ossos Secos. Desesperada, Nit\u00f3cris acusa Shamiran pelo sumi\u00e7o de Belsazar. Larsa descobre que Lia e Naomi foram \u00e0 festa dos hebreus e as amea\u00e7am. Rabe-S\u00e1ris mente para Asher e diz que Zac e Joana est\u00e3o noivos.<\/p>\n<p>Asher fica profundamente magoado com a mentira contada por Rabe-S\u00e1ris. Beroso avisa que o escravo hebreu n\u00e3o seguir\u00e1 na ca\u00e7ada. Shamiran se defende e diz que n\u00e3o tem nada a ver com o sumi\u00e7o de Belsazar. Zac reclama das ofensas ditas por Chaim. Ezequiel fala sobre a vis\u00e3o do Vale dos Ossos Secos. Elga tenta implicar com as noras. Larsa avisa que levar\u00e1 Lia e Naomi para um passeio. Namnu procura por Belsazar no pal\u00e1cio. Neusta \u00e9 inconveniente com Nit\u00f3cris. <\/p>\n<p>Ebede-Meleque avisa Kassaia sobre o acontecido com Belsazar. Namnu fica aliviada ao ver Sammu-Ramat trazendo o menino. Zac diz que a vis\u00e3o de Ezequiel representa o ressurgimento do povo hebreu. Nit\u00f3cris reencontra o filho e o abra\u00e7a. Sammu avisa que o menino teve uma vis\u00e3o \u00e0 noite e a procurou pedindo prote\u00e7\u00e3o. Belsazar diz ter visto um dem\u00f4nio. Lia e Naomi t\u00eam os corpos lambuzados de leite e mel para atrair insetos. Elga discute com as g\u00eameas. Daniel l\u00ea o livro de Rute. Lia conta um pouco sobre a hist\u00f3ria dos hebreus para Naomi. Lior estranha o comportamento de Asher. Ezequiel se despede de Zadoque, Ravina e Daniel. Sammu-Ramat faz uma amea\u00e7a velada \u00e0 Nit\u00f3cris. Em conversa com Neusta, Dalila diz que amuleto n\u00e3o \u00e9 prote\u00e7\u00e3o. Matias troca carinhos com Gadise. Shamiran agradece a amizade da serva Raquel. Chaim humilha Nicolau e Absalom. Zac pede para falar a s\u00f3s com Joana. Tamir e Shamir come\u00e7am a se entender com as novas esposas. Amitis fica horrorizada ao ver a est\u00e1tua de uma deusa quebrada. Zac pede Joana em casamento.<\/p>\n<p>(*) edi\u00e7\u00e3o da Rede Record, Novela \u201cO Rico e L\u00e1zaro\u201d, sujeito a altera\u00e7\u00e3o de data e conte\u00fado.<\/p>\n","protected":false},"excerpt":{"rendered":"<p>Novela \u201cO Rico e L\u00e1zaro\u201d resumo 24\/05: no capitulo 053(*) da novela \u201cO Rico e L\u00e1zaro\u201d, quarta-feira, 24 de maio, Asher fica aliviado por n\u00e3o ter sido atacado pela leoa, mas lamenta que um escravo tenha morrido no ataque. Abednego come\u00e7a a se entender com Naomi. Elga e as noras disputam na sorte para saber [&hellip;]<\/p>\n","protected":false},"author":2,"featured_media":107948,"comment_status":"open","ping_status":"closed","sticky":false,"template":"","format":"standard","meta":{"tdm_status":"","tdm_grid_status":"","footnotes":""},"categories":[379,371,343],"tags":[441],"class_list":{"0":"post-113713","1":"post","2":"type-post","3":"status-publish","4":"format-standard","5":"has-post-thumbnail","7":"category-novelas","8":"category-rede-record","9":"category-televisao","10":"tag-resumo-do-dia"},"_links":{"self":[{"href":"https:\/\/migracao.redenoticia.com.br\/noticia\/wp-json\/wp\/v2\/posts\/113713","targetHints":{"allow":["GET"]}}],"collection":[{"href":"https:\/\/migracao.redenoticia.com.br\/noticia\/wp-json\/wp\/v2\/posts"}],"about":[{"href":"https:\/\/migracao.redenoticia.com.br\/noticia\/wp-json\/wp\/v2\/types\/post"}],"author":[{"embeddable":true,"href":"https:\/\/migracao.redenoticia.com.br\/noticia\/wp-json\/wp\/v2\/users\/2"}],"replies":[{"embeddable":true,"href":"https:\/\/migracao.redenoticia.com.br\/noticia\/wp-json\/wp\/v2\/comments?post=113713"}],"version-history":[{"count":0,"href":"https:\/\/migracao.redenoticia.com.br\/noticia\/wp-json\/wp\/v2\/posts\/113713\/revisions"}],"wp:featuredmedia":[{"embeddable":true,"href":"https:\/\/migracao.redenoticia.com.br\/noticia\/wp-json\/wp\/v2\/media\/107948"}],"wp:attachment":[{"href":"https:\/\/migracao.redenoticia.com.br\/noticia\/wp-json\/wp\/v2\/media?parent=113713"}],"wp:term":[{"taxonomy":"category","embeddable":true,"href":"https:\/\/migracao.redenoticia.com.br\/noticia\/wp-json\/wp\/v2\/categories?post=113713"},{"taxonomy":"post_tag","embeddable":true,"href":"https:\/\/migracao.redenoticia.com.br\/noticia\/wp-json\/wp\/v2\/tags?post=113713"}],"curies":[{"name":"wp","href":"https:\/\/api.w.org\/{rel}","templated":true}]}}