{"id":113722,"date":"2017-05-22T16:31:52","date_gmt":"2017-05-22T19:31:52","guid":{"rendered":"https:\/\/www.redenoticia.com.br\/noticia\/?p=113722"},"modified":"2017-05-22T15:32:37","modified_gmt":"2017-05-22T18:32:37","slug":"resumo-novela-carinha-de-anjo-2305-juju-apresenta-o-rap-da-agua-no-colegio","status":"publish","type":"post","link":"https:\/\/migracao.redenoticia.com.br\/noticia\/2017\/resumo-novela-carinha-de-anjo-2305-juju-apresenta-o-rap-da-agua-no-colegio\/113722","title":{"rendered":"Resumo novela \u201cCarinha de Anjo\u201d 23\/05: Juju apresenta o rap da \u00e1gua no col\u00e9gio"},"content":{"rendered":"<p><img loading=\"lazy\" decoding=\"async\" class=\"alignleft size-thumbnail wp-image-99331\" src=\"https:\/\/migracao.redenoticia.com.br\/noticia\/imagens\/carinha_de_anjo_sbt_novela_resumo_capitulo-150x112.jpg\" alt=\"carinha_de_anjo_sbt_novela_resumo_capitulo\" width=\"150\" height=\"112\" srcset=\"https:\/\/migracao.redenoticia.com.br\/noticia\/imagens\/carinha_de_anjo_sbt_novela_resumo_capitulo-150x112.jpg 150w, https:\/\/migracao.redenoticia.com.br\/noticia\/imagens\/carinha_de_anjo_sbt_novela_resumo_capitulo-265x198.jpg 265w\" sizes=\"auto, (max-width: 150px) 100vw, 150px\" \/><strong><em>Resumo novela \u201cCarinha de Anjo\u201d 23\/05<\/em><\/strong>: no cap\u00edtulo 132(*) da novela \u201cCarinha de Anjo\u201d, resumo de ter\u00e7a-feira, 23 de maio, todos se arrumam no col\u00e9gio para a feira do conhecimento. Madre Superiora d\u00e1 as boas-vindas para os pais das meninas no col\u00e9gio na abertura da feira. Gustavo, Estef\u00e2nia e o Padre est\u00e3o no col\u00e9gio para a alegria de Dulce Maria. Selene (Gabriela Petry) vai atr\u00e1s de Vitor e mostra as fotos do chef com Estef\u00e2nia. Vitor fica nervoso e inseguro, o chef diz que ama Estef\u00e2nia, mas Selene lhe menospreza e diz ela ir\u00e1 recuperar o amor dele. As meninas abra\u00e7am o professor Tom (Gabriel Muglia), que com a pe\u00e7a encerra seu ciclo no col\u00e9gio. Madre Superiora autoriza Estef\u00e2nia levar Dulce ap\u00f3s a feira para provar seu vestido de dama de honra. Nicole invade o escrit\u00f3rio atr\u00e1s de Gustavo e se irrita com Ver\u00f4nica, que ironicamente diz que o homem est\u00e1 na feira do col\u00e9gio de Dulce. Crist\u00f3v\u00e3o aparece e diz que Nicole deve se desculpar  para Ver\u00f4nica pela maneira rude que abordou a secret\u00e1ria. Nicole ri e diz que os dois formam um casal fofo. No col\u00e9gio, as crian\u00e7as se apresentam em coral com as freiras, regida pela novi\u00e7a Fabiana. Os pais de Frida e B\u00e1rbara reclama com a Madre sobre haver meninos no col\u00e9gio. A Madre fica surpresa ao saber que havia um casal na escola. Juju apresenta o rap da \u00e1gua ao lado dos amigos no col\u00e9gio.<\/p>\n<p>(*) edi\u00e7\u00e3o do SBT, Novela \u201cCarinha de Anjo\u201d, sujeito a altera\u00e7\u00e3o de data e conte\u00fado.<\/p>\n<p>Carinha de Anjo \u00e9 uma telenovela brasileira produzida e exibida originalmente pelo SBT desde o dia 21 de novembro de 2016, substituindo o hor\u00e1rio anteriormente ocupado por C\u00famplices de um Resgate. A telenovela \u00e9 inspirada na mexicana Carita de \u00e1ngel, que, por sua vez, \u00e9 um remake de Mundo de juguete, ambas produzidas pela Televisa e que haviam sido baseadas na trama argentina escrita por Abel Santa Cruz, Pap\u00e1 coraz\u00f3n. Esta ser\u00e1 a segunda adapta\u00e7\u00e3o brasileira da obra original argentina, visto que a Rede Tupi apresentou em 1976 a sua primeira vers\u00e3o, chamada de Papai Cora\u00e7\u00e3o. A nova vers\u00e3o \u00e9 escrita por Leonor Corr\u00eaa, com supervis\u00e3o de \u00cdris Abravanel e dire\u00e7\u00e3o geral de Ricardo Mantoanelli. A trama conta com Lorena Queiroz, Bia Arantes, Carlo Porto, Priscila Sol, Dani Gondim, Karin Hils, Eliana Guttman e Lucero nos pap\u00e9is principais.<\/p>\n","protected":false},"excerpt":{"rendered":"<p>Resumo novela \u201cCarinha de Anjo\u201d 23\/05: no cap\u00edtulo 132(*) da novela \u201cCarinha de Anjo\u201d, resumo de ter\u00e7a-feira, 23 de maio, todos se arrumam no col\u00e9gio para a feira do conhecimento. Madre Superiora d\u00e1 as boas-vindas para os pais das meninas no col\u00e9gio na abertura da feira. Gustavo, Estef\u00e2nia e o Padre est\u00e3o no col\u00e9gio para [&hellip;]<\/p>\n","protected":false},"author":4,"featured_media":99331,"comment_status":"open","ping_status":"closed","sticky":false,"template":"","format":"standard","meta":{"tdm_status":"","tdm_grid_status":"","footnotes":""},"categories":[452,379,372,343],"tags":[441],"class_list":{"0":"post-113722","1":"post","2":"type-post","3":"status-publish","4":"format-standard","5":"has-post-thumbnail","7":"category-carinha-de-anjo","8":"category-novelas","9":"category-sbt","10":"category-televisao","11":"tag-resumo-do-dia"},"_links":{"self":[{"href":"https:\/\/migracao.redenoticia.com.br\/noticia\/wp-json\/wp\/v2\/posts\/113722","targetHints":{"allow":["GET"]}}],"collection":[{"href":"https:\/\/migracao.redenoticia.com.br\/noticia\/wp-json\/wp\/v2\/posts"}],"about":[{"href":"https:\/\/migracao.redenoticia.com.br\/noticia\/wp-json\/wp\/v2\/types\/post"}],"author":[{"embeddable":true,"href":"https:\/\/migracao.redenoticia.com.br\/noticia\/wp-json\/wp\/v2\/users\/4"}],"replies":[{"embeddable":true,"href":"https:\/\/migracao.redenoticia.com.br\/noticia\/wp-json\/wp\/v2\/comments?post=113722"}],"version-history":[{"count":0,"href":"https:\/\/migracao.redenoticia.com.br\/noticia\/wp-json\/wp\/v2\/posts\/113722\/revisions"}],"wp:featuredmedia":[{"embeddable":true,"href":"https:\/\/migracao.redenoticia.com.br\/noticia\/wp-json\/wp\/v2\/media\/99331"}],"wp:attachment":[{"href":"https:\/\/migracao.redenoticia.com.br\/noticia\/wp-json\/wp\/v2\/media?parent=113722"}],"wp:term":[{"taxonomy":"category","embeddable":true,"href":"https:\/\/migracao.redenoticia.com.br\/noticia\/wp-json\/wp\/v2\/categories?post=113722"},{"taxonomy":"post_tag","embeddable":true,"href":"https:\/\/migracao.redenoticia.com.br\/noticia\/wp-json\/wp\/v2\/tags?post=113722"}],"curies":[{"name":"wp","href":"https:\/\/api.w.org\/{rel}","templated":true}]}}