{"id":113724,"date":"2017-05-22T16:32:48","date_gmt":"2017-05-22T19:32:48","guid":{"rendered":"https:\/\/www.redenoticia.com.br\/noticia\/?p=113724"},"modified":"2017-05-22T15:34:17","modified_gmt":"2017-05-22T18:34:17","slug":"resumo-novela-chiquititas-2305-mili-e-mosca-se-perdem-na-floresta","status":"publish","type":"post","link":"https:\/\/migracao.redenoticia.com.br\/noticia\/2017\/resumo-novela-chiquititas-2305-mili-e-mosca-se-perdem-na-floresta\/113724","title":{"rendered":"Resumo novela \u201cChiquititas\u201d 23\/05: Mili e Mosca se perdem na floresta"},"content":{"rendered":"<p><img loading=\"lazy\" decoding=\"async\" class=\"alignleft size-thumbnail wp-image-49690\" src=\"https:\/\/migracao.redenoticia.com.br\/noticia\/imagens\/chiquititas1-150x112.jpg\" alt=\"chiquititas\" width=\"150\" height=\"112\" \/><strong><em>Resumo novela \u201cChiquititas\u201d 23\/05<\/em><\/strong>: no cap\u00edtulo 181(*) da novela \u201cChiquititas\u201d, resumo de ter\u00e7a-feira, 23 de maio, Valentina leva comida para Miguel no por\u00e3o do orfanato. A governanta precisa enrolar Carmen antes de sair, pois ela faz muitas perguntas. Miguel diz que encontrou uma foto dos meninos do orfanato e pergunta para Valentina se ela acha que um deles pode ser seu filho. Valentina alerta que quando o orfanato foi fundadohaviam apenas meninas e que os garotos entraram muito tempo depois. Tom\u00e1s Ferraz, que na verdade \u00e9 Tobias, vai acompanhado de Beto para o julgamento com o cantor Roberto Leal. Tom\u00e1s Ferraz \u00e9 condenado a pagar todo o conte\u00fado referente a obra de Roberto Leal. Tom\u00e1s diz que n\u00e3o quer mais um empres\u00e1rio incompetente como Beto. Matilde e Cintia v\u00e3o at\u00e9 o t\u00fanel no subsolo do orfanato procurar o tesouro e se assustam com barulhos, que na verdade s\u00e3o feitos por Miguel. Mili e Mosca v\u00e3o atr\u00e1s de alimentos, mas acabam se perdendo. Como anoitece, acabam ficando no mesmo lugar at\u00e9 o amanhecer.<\/p>\n<p>(*) edi\u00e7\u00e3o do SBT, Novela \u201cChiquititas\u201d, sujeito a altera\u00e7\u00e3o de data e conte\u00fado.<\/p>\n<p>Chiquititas gira em torno do orfanato Raio de Luz, que carrega em sua hist\u00f3ria um grande segredo envolvendo a fam\u00edlia e o dono do orfanato, Dr. Jos\u00e9 Ricardo Almeida Campos. Em um per\u00edodo anterior \u00e0 novela, exatos treze anos, sua filha Gabriela se apaixonou e ficou gr\u00e1vida de Miguel, filho de Valentina, empregada da casa dos Almeida Campos. Pouco depois, Jos\u00e9 Ricardo sequestrou sua neta, pois, como um homem conservador, ele n\u00e3o aceitava a ideia de que sua filha se envolvesse com um empregado. Como sua neta, Milena, apelidada como Mili, precisava de um lugar para morar, ele comprou um casar\u00e3o e fundou um orfanato, o Raio de Luz. Mili cresceu l\u00e1 com outras garotas que chegaram posteriormente: Bia, Ana, as irm\u00e3s Tati e Vivi, e Cris. Ao decorrer dos anos, elas se tornam uma fam\u00edlia. Elas s\u00e3o supervisionadas por Ernestina, zeladora do orfanato, e Chico, o cozinheiro amado pelas internas. Sofia, ex-governanta da fam\u00edlia Almeida Campos, \u00e9 a diretora do lugar, at\u00e9 que Carmem, irm\u00e3 de Jos\u00e9 Ricardo, entre em seu lugar. Chegam ainda mais \u00f3rf\u00e3os: Pata, Mosca, Binho e Rafa, que viviam nas ruas antes de entrarem na institui\u00e7\u00e3o. Pata e Mili tornam-se amigas rapidamente, enquanto Mosca, Binho e Rafa s\u00e3o os primeiros garotos a entrar no abrigo. As crian\u00e7as sem-teto foram ajudadas por uma doce e bela garota que tocam e mudam a vida delas, assim como as das garotas \u00f3rf\u00e3s.<\/p>\n","protected":false},"excerpt":{"rendered":"<p>Resumo novela \u201cChiquititas\u201d 23\/05: no cap\u00edtulo 181(*) da novela \u201cChiquititas\u201d, resumo de ter\u00e7a-feira, 23 de maio, Valentina leva comida para Miguel no por\u00e3o do orfanato. A governanta precisa enrolar Carmen antes de sair, pois ela faz muitas perguntas. Miguel diz que encontrou uma foto dos meninos do orfanato e pergunta para Valentina se ela acha [&hellip;]<\/p>\n","protected":false},"author":4,"featured_media":49690,"comment_status":"open","ping_status":"closed","sticky":false,"template":"","format":"standard","meta":{"tdm_status":"","tdm_grid_status":"","footnotes":""},"categories":[409,379,372,343],"tags":[441],"class_list":{"0":"post-113724","1":"post","2":"type-post","3":"status-publish","4":"format-standard","5":"has-post-thumbnail","7":"category-chiquititas","8":"category-novelas","9":"category-sbt","10":"category-televisao","11":"tag-resumo-do-dia"},"_links":{"self":[{"href":"https:\/\/migracao.redenoticia.com.br\/noticia\/wp-json\/wp\/v2\/posts\/113724","targetHints":{"allow":["GET"]}}],"collection":[{"href":"https:\/\/migracao.redenoticia.com.br\/noticia\/wp-json\/wp\/v2\/posts"}],"about":[{"href":"https:\/\/migracao.redenoticia.com.br\/noticia\/wp-json\/wp\/v2\/types\/post"}],"author":[{"embeddable":true,"href":"https:\/\/migracao.redenoticia.com.br\/noticia\/wp-json\/wp\/v2\/users\/4"}],"replies":[{"embeddable":true,"href":"https:\/\/migracao.redenoticia.com.br\/noticia\/wp-json\/wp\/v2\/comments?post=113724"}],"version-history":[{"count":0,"href":"https:\/\/migracao.redenoticia.com.br\/noticia\/wp-json\/wp\/v2\/posts\/113724\/revisions"}],"wp:featuredmedia":[{"embeddable":true,"href":"https:\/\/migracao.redenoticia.com.br\/noticia\/wp-json\/wp\/v2\/media\/49690"}],"wp:attachment":[{"href":"https:\/\/migracao.redenoticia.com.br\/noticia\/wp-json\/wp\/v2\/media?parent=113724"}],"wp:term":[{"taxonomy":"category","embeddable":true,"href":"https:\/\/migracao.redenoticia.com.br\/noticia\/wp-json\/wp\/v2\/categories?post=113724"},{"taxonomy":"post_tag","embeddable":true,"href":"https:\/\/migracao.redenoticia.com.br\/noticia\/wp-json\/wp\/v2\/tags?post=113724"}],"curies":[{"name":"wp","href":"https:\/\/api.w.org\/{rel}","templated":true}]}}