{"id":113730,"date":"2017-05-22T16:37:18","date_gmt":"2017-05-22T19:37:18","guid":{"rendered":"https:\/\/www.redenoticia.com.br\/noticia\/?p=113730"},"modified":"2017-05-22T16:16:26","modified_gmt":"2017-05-22T19:16:26","slug":"resumo-novela-novo-mundo-2305-joaquim-ve-thomas-a-conversar-com-jacinto","status":"publish","type":"post","link":"https:\/\/migracao.redenoticia.com.br\/noticia\/2017\/resumo-novela-novo-mundo-2305-joaquim-ve-thomas-a-conversar-com-jacinto\/113730","title":{"rendered":"Resumo novela \u201cNovo Mundo\u201d 23\/05: Joaquim v\u00ea Thomas com Jacinto"},"content":{"rendered":"<p><img loading=\"lazy\" decoding=\"async\" class=\"alignleft size-thumbnail wp-image-107950\" src=\"https:\/\/migracao.redenoticia.com.br\/noticia\/imagens\/novo_mundo_novela_resumo_globo-150x112.jpg\" alt=\"\" width=\"150\" height=\"112\" srcset=\"https:\/\/migracao.redenoticia.com.br\/noticia\/imagens\/novo_mundo_novela_resumo_globo-150x112.jpg 150w, https:\/\/migracao.redenoticia.com.br\/noticia\/imagens\/novo_mundo_novela_resumo_globo-265x198.jpg 265w\" sizes=\"auto, (max-width: 150px) 100vw, 150px\" \/><strong><em>Resumo novela \u201cNovo Mundo\u201d 23\/05<\/em><\/strong>: no cap\u00edtulo 054(*) da novela \u201cNovo Mundo\u201d, resumo de ter\u00e7a-feira, 23 de maio, Dom Pedro culpa Avilez pela morte de Jo\u00e3o Carlos. Piat\u00e3 comunica \u00e0 tribo sua decis\u00e3o, e Jacira fica arrasada. Thomas flagra Anna e Joaquim conversando. Piat\u00e3 vai com Jacira at\u00e9 a gruta de Ferdinando. Elvira faz um feiti\u00e7o para Licurgo se apaixonar novamente por Germana. Lib\u00e9rio comemora a rea\u00e7\u00e3o do povo ao ler seu jornal. Ferdinando e Piat\u00e3 se reencontram. Cec\u00edlia conta para Diara que est\u00e1 namorando Lib\u00e9rio \u00e0s escondidas. Francisco percebe o envolvimento de Domitila ao ouvi-la falar de Dom Pedro. Leopoldina se preocupa quando o marido promete vingar a morte do filho. Peter visita Am\u00e1lia. Sebasti\u00e3o avisa a Jacinto que Thomas quer falar com ele. Dom Pedro invade o quartel de Avilez. Joaquim v\u00ea Thomas conversando com Jacinto e descobre que o capataz foi o homem que atentou contra Dom Pedro.<\/p>\n<p>(*) edi\u00e7\u00e3o da Rede Globo, Novela \u201cNovo Mundo\u201d, sujeito a altera\u00e7\u00e3o de data e conte\u00fado.<\/p>\n<p>Novo Mundo \u00e9 uma telenovela brasileira produzida pela Rede Globo. Escrita por Thereza Falc\u00e3o e Alessandro Marson, conta com dire\u00e7\u00e3o art\u00edstica de Vin\u00edcius Coimbra. Conta com as participa\u00e7\u00f5es de Isabelle Drummond, Chay Suede, Caio Castro, Let\u00edcia Colin, Leo Jaime, D\u00e9bora Olivieri, Rodrigo Simas, Giullia Buscacio, Vivianne Pasmanter, Guilherme Piva, R\u00f4mulo Estrela, Agatha Moreira, Luisa Micheletti, Gabriel Braga Nunes, e Ingrid Guimar\u00e3es.<\/p>\n","protected":false},"excerpt":{"rendered":"<p>Resumo novela \u201cNovo Mundo\u201d 23\/05: no cap\u00edtulo 054(*) da novela \u201cNovo Mundo\u201d, resumo de ter\u00e7a-feira, 23 de maio, Dom Pedro culpa Avilez pela morte de Jo\u00e3o Carlos. Piat\u00e3 comunica \u00e0 tribo sua decis\u00e3o, e Jacira fica arrasada. Thomas flagra Anna e Joaquim conversando. Piat\u00e3 vai com Jacira at\u00e9 a gruta de Ferdinando. Elvira faz um [&hellip;]<\/p>\n","protected":false},"author":4,"featured_media":107950,"comment_status":"open","ping_status":"closed","sticky":false,"template":"","format":"standard","meta":{"tdm_status":"","tdm_grid_status":"","footnotes":""},"categories":[379,375,343],"tags":[441],"class_list":{"0":"post-113730","1":"post","2":"type-post","3":"status-publish","4":"format-standard","5":"has-post-thumbnail","7":"category-novelas","8":"category-rede-globo","9":"category-televisao","10":"tag-resumo-do-dia"},"_links":{"self":[{"href":"https:\/\/migracao.redenoticia.com.br\/noticia\/wp-json\/wp\/v2\/posts\/113730","targetHints":{"allow":["GET"]}}],"collection":[{"href":"https:\/\/migracao.redenoticia.com.br\/noticia\/wp-json\/wp\/v2\/posts"}],"about":[{"href":"https:\/\/migracao.redenoticia.com.br\/noticia\/wp-json\/wp\/v2\/types\/post"}],"author":[{"embeddable":true,"href":"https:\/\/migracao.redenoticia.com.br\/noticia\/wp-json\/wp\/v2\/users\/4"}],"replies":[{"embeddable":true,"href":"https:\/\/migracao.redenoticia.com.br\/noticia\/wp-json\/wp\/v2\/comments?post=113730"}],"version-history":[{"count":0,"href":"https:\/\/migracao.redenoticia.com.br\/noticia\/wp-json\/wp\/v2\/posts\/113730\/revisions"}],"wp:featuredmedia":[{"embeddable":true,"href":"https:\/\/migracao.redenoticia.com.br\/noticia\/wp-json\/wp\/v2\/media\/107950"}],"wp:attachment":[{"href":"https:\/\/migracao.redenoticia.com.br\/noticia\/wp-json\/wp\/v2\/media?parent=113730"}],"wp:term":[{"taxonomy":"category","embeddable":true,"href":"https:\/\/migracao.redenoticia.com.br\/noticia\/wp-json\/wp\/v2\/categories?post=113730"},{"taxonomy":"post_tag","embeddable":true,"href":"https:\/\/migracao.redenoticia.com.br\/noticia\/wp-json\/wp\/v2\/tags?post=113730"}],"curies":[{"name":"wp","href":"https:\/\/api.w.org\/{rel}","templated":true}]}}