{"id":113755,"date":"2017-05-23T00:08:22","date_gmt":"2017-05-23T03:08:22","guid":{"rendered":"https:\/\/www.redenoticia.com.br\/noticia\/?p=113755"},"modified":"2017-05-22T16:33:26","modified_gmt":"2017-05-22T19:33:26","slug":"sucesso-do-tratamento-de-cancer-de-pancreas-esta-ligado-a-diagnostico-precoce","status":"publish","type":"post","link":"https:\/\/migracao.redenoticia.com.br\/noticia\/2017\/sucesso-do-tratamento-de-cancer-de-pancreas-esta-ligado-a-diagnostico-precoce\/113755","title":{"rendered":"Sucesso do tratamento de c\u00e2ncer de p\u00e2ncreas est\u00e1 ligado a diagn\u00f3stico precoce"},"content":{"rendered":"<p> O sucesso no tratamento do <strong><em>c\u00e2ncer de p\u00e2ncreas<\/em><\/strong> est\u00e1 diretamente relacionado a um diagn\u00f3stico precoce, de acordo com alerta feito pelo A.C.Camargo Cancer Center, da cidade de S\u00e3o Paulo. No entanto, para ter sucesso no tratamento oncol\u00f3gico \u00e9 necess\u00e1rio tamb\u00e9m haver avalia\u00e7\u00e3o de equipe m\u00e9dica multidisciplinar desde o primeiro momento do tratamento. Al\u00e9m disso, a cirurgia deve ser feita com preceitos oncol\u00f3gicos rigorosos.<\/p>\n<p>Segundo o hospital, oito entre dez casos de c\u00e2ncer de p\u00e2ncreas s\u00e3o diagnosticados em fase mais avan\u00e7ada da doen\u00e7a, o que est\u00e1 relacionado com o fato de os sintomas associados ao surgimento desses tumores serem inespec\u00edficos e tardios. \u201cOs principais sintomas s\u00e3o emagrecimento, perda de apetite, altera\u00e7\u00f5es do a\u00e7\u00facar no sangue, dor abdominal e nas costas e colora\u00e7\u00e3o amarela da pele e dos olhos\u201d.<\/p>\n<p>Para a equipe do A.C. Camargo Cancer Center, mesmo com sintomas pouco claros \u00e9 poss\u00edvel alterar o quadro prestando aten\u00e7\u00e3o nos fatores de risco para prevenir a doen\u00e7a e obter diagn\u00f3stico precoce. Entre os fatores de risco para surgimento da doen\u00e7a, o principal \u00e9 o consumo de cigarro, seguido da hereditariedade.<\/p>\n<p>\u201cOs fumantes t\u00eam risco aumentado em dois a seis vezes em rela\u00e7\u00e3o aos n\u00e3o fumantes. Est\u00e3o no grupo de risco os indiv\u00edduos com anteced\u00eancia familiar de c\u00e2ncer de p\u00e2ncreas ou com hist\u00f3rico de outras s\u00edndromes como a de mama e ov\u00e1rio heredit\u00e1rio (muta\u00e7\u00e3o no gene BRCA), melanoma familial, polipose adenomatosa familiar &#8211; relacionada ao c\u00e2ncer de intestino &#8211; e s\u00edndrome de Von Hippel Lindau &#8211; relacionada ao c\u00e2ncer de rim heredit\u00e1rio\u201d, disse o cirurgi\u00e3o oncologista e diretor do Departamento de Cirurgia Abdominal do A.C.Camargo Cancer Center, Felipe Jos\u00e9 Fern\u00e1ndez Coimbra.<\/p>\n<p>Para chegar ao diagn\u00f3stico de c\u00e2ncer de p\u00e2ncreas um dos exames necess\u00e1rios \u00e9 o de sangue, que investiga eleva\u00e7\u00e3o em um marcador tumoral (CA 19-9), que pode acontecer em at\u00e9 80% dos casos. Para complementar a lista de exames \u00e9 fundamental fazer a tomografia computadorizada de abd\u00f4men.<\/p>\n<p>J\u00e1 pacientes que n\u00e3o podem usar contraste iodado podem realizar a resson\u00e2ncia nuclear magn\u00e9tica. De acordo com o caso, podem ser indicadas a colangiopancreatografia endosc\u00f3pica retr\u00f3grada (exame realizado por endoscopia, onde \u00e9 injetado contraste na via biliar e no p\u00e2ncreas) e a ultrassonografia endosc\u00f3pica (ultrassom realizado com o aparelho de endoscopia).<\/p>\n<p>Segundo o A.C. Camardo, a maioria dos pacientes submetidos \u00e0 retirada dos tumores de p\u00e2ncreas devem ser tratados com quimioterapia no p\u00f3s-operat\u00f3rio, para destruir as c\u00e9lulas tumorais distantes que ainda estiverem vivas. \u201cPode ser indicada tamb\u00e9m a realiza\u00e7\u00e3o de quimioterapia antes da cirurgia nos pacientes com tumores localmente avan\u00e7ados\u201d.<\/p>\n<p>De acordo com o Instituto Nacional de C\u00e2ncer (INCA), o c\u00e2ncer de p\u00e2ncreas \u00e9 respons\u00e1vel por cerca de 2% de todos os tipos de c\u00e2ncer diagnosticados e por 4% do total de mortes por essa doen\u00e7a. Raro antes dos 30 anos, torna-se mais comum a partir dos 60 anos. Segundo a Uni\u00e3o Internacional Contra o C\u00e2ncer (UICC), os casos da doen\u00e7a aumentam com o avan\u00e7o da idade, com maior preval\u00eancia entre os 80 e 85 anos e na popula\u00e7\u00e3o masculina.<\/p>\n<p>Flavia Albuquerque &#8211; Rep\u00f3rter da Ag\u00eancia Brasil<br \/>\nEdi\u00e7\u00e3o: A\u00e9cio Amado<br \/>\n23\/05\/2017<\/p>\n","protected":false},"excerpt":{"rendered":"<p>O sucesso no tratamento do c\u00e2ncer de p\u00e2ncreas est\u00e1 diretamente relacionado a um diagn\u00f3stico precoce, de acordo com alerta feito pelo A.C.Camargo Cancer Center, da cidade de S\u00e3o Paulo. No entanto, para ter sucesso no tratamento oncol\u00f3gico \u00e9 necess\u00e1rio tamb\u00e9m haver avalia\u00e7\u00e3o de equipe m\u00e9dica multidisciplinar desde o primeiro momento do tratamento. Al\u00e9m disso, a [&hellip;]<\/p>\n","protected":false},"author":2,"featured_media":35093,"comment_status":"open","ping_status":"closed","sticky":false,"template":"","format":"standard","meta":{"tdm_status":"","tdm_grid_status":"","footnotes":""},"categories":[22,5],"tags":[],"class_list":{"0":"post-113755","1":"post","2":"type-post","3":"status-publish","4":"format-standard","5":"has-post-thumbnail","7":"category-brasil","8":"category-saude-e-vida"},"_links":{"self":[{"href":"https:\/\/migracao.redenoticia.com.br\/noticia\/wp-json\/wp\/v2\/posts\/113755","targetHints":{"allow":["GET"]}}],"collection":[{"href":"https:\/\/migracao.redenoticia.com.br\/noticia\/wp-json\/wp\/v2\/posts"}],"about":[{"href":"https:\/\/migracao.redenoticia.com.br\/noticia\/wp-json\/wp\/v2\/types\/post"}],"author":[{"embeddable":true,"href":"https:\/\/migracao.redenoticia.com.br\/noticia\/wp-json\/wp\/v2\/users\/2"}],"replies":[{"embeddable":true,"href":"https:\/\/migracao.redenoticia.com.br\/noticia\/wp-json\/wp\/v2\/comments?post=113755"}],"version-history":[{"count":0,"href":"https:\/\/migracao.redenoticia.com.br\/noticia\/wp-json\/wp\/v2\/posts\/113755\/revisions"}],"wp:featuredmedia":[{"embeddable":true,"href":"https:\/\/migracao.redenoticia.com.br\/noticia\/wp-json\/wp\/v2\/media\/35093"}],"wp:attachment":[{"href":"https:\/\/migracao.redenoticia.com.br\/noticia\/wp-json\/wp\/v2\/media?parent=113755"}],"wp:term":[{"taxonomy":"category","embeddable":true,"href":"https:\/\/migracao.redenoticia.com.br\/noticia\/wp-json\/wp\/v2\/categories?post=113755"},{"taxonomy":"post_tag","embeddable":true,"href":"https:\/\/migracao.redenoticia.com.br\/noticia\/wp-json\/wp\/v2\/tags?post=113755"}],"curies":[{"name":"wp","href":"https:\/\/api.w.org\/{rel}","templated":true}]}}