{"id":11376,"date":"2009-09-11T17:11:12","date_gmt":"2009-09-11T21:11:12","guid":{"rendered":"http:\/\/www.redenoticia.com.br\/noticia\/?p=11376"},"modified":"2009-09-11T17:11:12","modified_gmt":"2009-09-11T21:11:12","slug":"tecnica-sem-remedio-coloca-gordinhos-de-bem-com-a-balanca","status":"publish","type":"post","link":"https:\/\/migracao.redenoticia.com.br\/noticia\/2009\/tecnica-sem-remedio-coloca-gordinhos-de-bem-com-a-balanca\/11376","title":{"rendered":"T\u00e9cnica sem rem\u00e9dio coloca &#8220;gordinhos&#8221; de bem com a balan\u00e7a"},"content":{"rendered":"<p>Para superar as dificuldades encontradas no processo de emagrecimento e consolida\u00e7\u00e3o de um novo corpo, o Instituto Chioro oferece palestras atrav\u00e9s de uma t\u00e9cnica de emagrecimento que n\u00e3o utiliza rem\u00e9dios e reeduca seu c\u00e9rebro a pensar e agir como magro. Esta t\u00e9cnica enfraquece o impulso de comer, a reten\u00e7\u00e3o intestinal e a resist\u00eancia ao emagrecimento.<\/p>\n<p>Para conhecer e entender o m\u00e9todo, o Instituto oferece uma primeira palestra gratuita e constitu\u00edda de est\u00edmulos audiovisuais que permite desenvolver a capacidade de identificar e enfraquecer este impulso de comer. As imagens cient\u00edficas desativam a reten\u00e7\u00e3o intestinal, aumentam e melhoram o funcionamento de intestinos e rins.<\/p>\n<p>Um dos objetivos do Instituto \u00e9 massificar que n\u00e3o basta emagrecer, \u00e9 preciso permanecer magro, afinal pesquisas apontam que mais de 40% da popula\u00e7\u00e3o brasileira est\u00e1 acima do peso. Mais que uma quest\u00e3o est\u00e9tica a obesidade preocupa principalmente pelos efeitos colaterais que pode gerar.<\/p>\n<p>As palestras acontecem de segunda a sexta, entre 9 e 17h. Para assistir as palestras \u00e9 necess\u00e1rio agendamento antecipado.<\/p>\n<p>Informa\u00e7\u00f5es sobre a palestra:\u00a0Instituto Chioro\u00a0(11) 2148.2800<\/p>\n<p>Mini Curr\u00edculo &#8211;\u00a0M\u00e9dico neuropsiquiatra desde 69 e livre-docente pela Universidade de S\u00e3o Paulo h\u00e1 36 anos, Dr. Sidney Chioro se empenhou em desenvolver metodologias de emagrecimento virando refer\u00eancia no Brasil por oferecer uma nova perspectiva a milhares de pessoas que est\u00e3o acima do peso.<\/p>\n<p>Pioneiro na inser\u00e7\u00e3o da metodologia no Brasil, Dr. Chioro trouxe a t\u00e9cnica aprendida na Universidade Paris, Fran\u00e7a, e ainda na d\u00e9cada de 60 estudou a rela\u00e7\u00e3o entre o sistema l\u00edmbico (emo\u00e7\u00f5es) e o hipot\u00e1lamo (fome) em pessoas que se alimentavam sem restri\u00e7\u00f5es e n\u00e3o engordavam.<\/p>\n<p>Com o conhecimento da t\u00e9cnica e das bases cient\u00edficas a metodologia de tratamento foi aprimorada e aplicada em pessoas obtendo resultados satisfat\u00f3rios e consolidado. O m\u00e9dico, hoje h\u00e1 40 anos no ramo de emagrecimento \u00e9 o \u00fanico no Brasil a aplicar esta t\u00e9cnica.<\/p>\n","protected":false},"excerpt":{"rendered":"<p>Para superar as dificuldades encontradas no processo de emagrecimento e consolida\u00e7\u00e3o de um novo corpo, o Instituto Chioro oferece palestras atrav\u00e9s de uma t\u00e9cnica de emagrecimento que n\u00e3o utiliza rem\u00e9dios e reeduca seu c\u00e9rebro a pensar e agir como magro. Esta t\u00e9cnica enfraquece o impulso de comer, a reten\u00e7\u00e3o intestinal e a resist\u00eancia ao emagrecimento. [&hellip;]<\/p>\n","protected":false},"author":3,"featured_media":0,"comment_status":"open","ping_status":"open","sticky":false,"template":"","format":"standard","meta":{"tdm_status":"","tdm_grid_status":"","footnotes":""},"categories":[22],"tags":[],"class_list":{"0":"post-11376","1":"post","2":"type-post","3":"status-publish","4":"format-standard","6":"category-brasil"},"_links":{"self":[{"href":"https:\/\/migracao.redenoticia.com.br\/noticia\/wp-json\/wp\/v2\/posts\/11376","targetHints":{"allow":["GET"]}}],"collection":[{"href":"https:\/\/migracao.redenoticia.com.br\/noticia\/wp-json\/wp\/v2\/posts"}],"about":[{"href":"https:\/\/migracao.redenoticia.com.br\/noticia\/wp-json\/wp\/v2\/types\/post"}],"author":[{"embeddable":true,"href":"https:\/\/migracao.redenoticia.com.br\/noticia\/wp-json\/wp\/v2\/users\/3"}],"replies":[{"embeddable":true,"href":"https:\/\/migracao.redenoticia.com.br\/noticia\/wp-json\/wp\/v2\/comments?post=11376"}],"version-history":[{"count":0,"href":"https:\/\/migracao.redenoticia.com.br\/noticia\/wp-json\/wp\/v2\/posts\/11376\/revisions"}],"wp:attachment":[{"href":"https:\/\/migracao.redenoticia.com.br\/noticia\/wp-json\/wp\/v2\/media?parent=11376"}],"wp:term":[{"taxonomy":"category","embeddable":true,"href":"https:\/\/migracao.redenoticia.com.br\/noticia\/wp-json\/wp\/v2\/categories?post=11376"},{"taxonomy":"post_tag","embeddable":true,"href":"https:\/\/migracao.redenoticia.com.br\/noticia\/wp-json\/wp\/v2\/tags?post=11376"}],"curies":[{"name":"wp","href":"https:\/\/api.w.org\/{rel}","templated":true}]}}