{"id":113778,"date":"2017-05-23T16:31:52","date_gmt":"2017-05-23T19:31:52","guid":{"rendered":"https:\/\/www.redenoticia.com.br\/noticia\/?p=113778"},"modified":"2017-05-23T16:31:52","modified_gmt":"2017-05-23T19:31:52","slug":"resumo-novela-o-que-a-vida-me-roubou-2405-maria-fere-montserrat","status":"publish","type":"post","link":"https:\/\/migracao.redenoticia.com.br\/noticia\/2017\/resumo-novela-o-que-a-vida-me-roubou-2405-maria-fere-montserrat\/113778","title":{"rendered":"Resumo novela \u201cO Que A Vida Me Roubou\u201d 24\/05: Maria fere Montserrat"},"content":{"rendered":"<p><img loading=\"lazy\" decoding=\"async\" src=\"https:\/\/migracao.redenoticia.com.br\/noticia\/imagens\/o-que-a-vida-me-roubou-novela-resumo-sbt-150x112.jpg\" alt=\"\" width=\"150\" height=\"112\" class=\"alignleft size-thumbnail wp-image-105656\" srcset=\"https:\/\/migracao.redenoticia.com.br\/noticia\/imagens\/o-que-a-vida-me-roubou-novela-resumo-sbt-150x112.jpg 150w, https:\/\/migracao.redenoticia.com.br\/noticia\/imagens\/o-que-a-vida-me-roubou-novela-resumo-sbt-265x198.jpg 265w\" sizes=\"auto, (max-width: 150px) 100vw, 150px\" \/><strong><em>Resumo novela \u201cO Que A Vida Me Roubou\u201d 24\/05<\/em><\/strong>: no cap\u00edtulo 083(*) da novela \u201cO Que A Vida Me Roubou\u201d, resumo de quarta-feira, 24 de maio, N\u00e1dia e V\u00edtor despedem-se de Alejandro e Montserrat e esta diz-lhes para a avisarem do nascimento da beb\u00e9. Ezequiel procura Adolfo e aponta-lhe uma arma, dizendo-lhe que Pedro quer v\u00ea-lo. Pedro diz a Adolfo que quer o testamento de Benjamim, mas ele recusa-se a faz\u00ea-lo. Graciela fala com Sandro para chegarem a um acordo e ajuda-lo no julgamento, mas, para isso, tem que lhe dar metade da heran\u00e7a. Maria visita Jos\u00e9 Lu\u00eds na pris\u00e3o e diz-lhe que Pedro Medina colocou um pre\u00e7o a troco da vida de Montserrat. Jos\u00e9 Lu\u00eds pede a Cl\u00e1udio para o deixar sair da pris\u00e3o durante um dia e que Renato ficar\u00e1 no seu lugar como garantia, mas Cl\u00e1udio quer dinheiro em troca. Pedro informa o juiz de que h\u00e1 uma prova de que Benjamim foi envenenado e consegue, mais uma vez, desmentir Alessandro. Alessandro diz \u00e0 m\u00e3e que t\u00eam que fugir, pois o teste de DNA comprova que n\u00e3o \u00e9 filho de Benjamim e que, al\u00e9m disso, est\u00e1 a ser acusado da morte de Almonte. Jos\u00e9 Lu\u00eds procura Alessandro para o avisar que a vida de Montserrat est\u00e1 em perigo. Alessandro conta-lhe que tem de fugir de \u00c1gua Azul e Jos\u00e9 Lu\u00eds diz-lhe que vai ajud\u00e1-lo a escapar com Montserrat. Sem ningu\u00e9m se aperceber, Maria aponta uma arma a Montserrat e dispara, conseguindo feri-la. Alessandro procura o padre Anselmo e, ao chegar, v\u00ea que a casa est\u00e1 completamente vazia. Pedro telefona a V\u00edtor e amea\u00e7a-o, dizendo-lhe que a pol\u00edcia est\u00e1 \u00e0 sua procura e que N\u00e1dia ir\u00e1 regressar para ele, viva ou morta. Alessandro est\u00e1 preocupado com Jos\u00e9 Lu\u00eds e Montserrat, mas V\u00edtor diz-lhe que n\u00e3o h\u00e1 tempo para esperar por eles. Eles ouvem a pol\u00edcia chegar e V\u00edtor diz ao piloto para descolarem. Alessandro telefona a Montserrat, mas \u00e9 Graciela quem atende o telefone e diz-lhe que a m\u00e3e do seu filho est\u00e1 a morrer por culpa dele. O capit\u00e3o Robledo encontra Jos\u00e9 Lu\u00eds no hospital e fica surpreendido de o ver e pergunta-lhe como conseguiu sair da pris\u00e3o e quem o ajudou. Em casa de Am\u00e9lia, Pedro fala com Fab\u00edola e diz-lhe que o juiz vai decidir a seu favor. E que, al\u00e9m disso, h\u00e1 um mandado de captura para Alessandro.<\/p>\n<p>(*) edi\u00e7\u00e3o do SBT, Novela \u201cO Que A Vida Me Roubou\u201d, sujeito a altera\u00e7\u00e3o de data e conte\u00fado.<\/p>\n<p>Lo que la vida me rob\u00f3 (no Brasil, O Que a Vida Me Roubou) \u00e9 uma telenovela mexicana produzida por Angelli Nesma Medina para Televisa e exibida pelo Canal de las Estrellas entre 28 de outubro de 2013 e 27 de julho de 2014 em 196 cap\u00edtulos, substituindo La tempestad e sendo substitu\u00edda por Hasta el fin del mundo. A original \u00e9 de Caridad Bravo Adams, sendo esta um remake modernizado das novelas Bodas de odio e Amor real, produzidas em 1983 e 2003, respectivamente. Tem Angelique Boyer, Sebasti\u00e1n Rulli, Luis Roberto Guzm\u00e1n, Daniela Castro, Grettell Vald\u00e9z, Sergio Sendel e Lisset nos papeis principais.<\/p>\n","protected":false},"excerpt":{"rendered":"<p>Resumo novela \u201cO Que A Vida Me Roubou\u201d 24\/05: no cap\u00edtulo 083(*) da novela \u201cO Que A Vida Me Roubou\u201d, resumo de quarta-feira, 24 de maio, N\u00e1dia e V\u00edtor despedem-se de Alejandro e Montserrat e esta diz-lhes para a avisarem do nascimento da beb\u00e9. Ezequiel procura Adolfo e aponta-lhe uma arma, dizendo-lhe que Pedro quer [&hellip;]<\/p>\n","protected":false},"author":4,"featured_media":105656,"comment_status":"open","ping_status":"closed","sticky":false,"template":"","format":"standard","meta":{"tdm_status":"","tdm_grid_status":"","footnotes":""},"categories":[379,372,343],"tags":[441],"class_list":{"0":"post-113778","1":"post","2":"type-post","3":"status-publish","4":"format-standard","5":"has-post-thumbnail","7":"category-novelas","8":"category-sbt","9":"category-televisao","10":"tag-resumo-do-dia"},"_links":{"self":[{"href":"https:\/\/migracao.redenoticia.com.br\/noticia\/wp-json\/wp\/v2\/posts\/113778","targetHints":{"allow":["GET"]}}],"collection":[{"href":"https:\/\/migracao.redenoticia.com.br\/noticia\/wp-json\/wp\/v2\/posts"}],"about":[{"href":"https:\/\/migracao.redenoticia.com.br\/noticia\/wp-json\/wp\/v2\/types\/post"}],"author":[{"embeddable":true,"href":"https:\/\/migracao.redenoticia.com.br\/noticia\/wp-json\/wp\/v2\/users\/4"}],"replies":[{"embeddable":true,"href":"https:\/\/migracao.redenoticia.com.br\/noticia\/wp-json\/wp\/v2\/comments?post=113778"}],"version-history":[{"count":0,"href":"https:\/\/migracao.redenoticia.com.br\/noticia\/wp-json\/wp\/v2\/posts\/113778\/revisions"}],"wp:featuredmedia":[{"embeddable":true,"href":"https:\/\/migracao.redenoticia.com.br\/noticia\/wp-json\/wp\/v2\/media\/105656"}],"wp:attachment":[{"href":"https:\/\/migracao.redenoticia.com.br\/noticia\/wp-json\/wp\/v2\/media?parent=113778"}],"wp:term":[{"taxonomy":"category","embeddable":true,"href":"https:\/\/migracao.redenoticia.com.br\/noticia\/wp-json\/wp\/v2\/categories?post=113778"},{"taxonomy":"post_tag","embeddable":true,"href":"https:\/\/migracao.redenoticia.com.br\/noticia\/wp-json\/wp\/v2\/tags?post=113778"}],"curies":[{"name":"wp","href":"https:\/\/api.w.org\/{rel}","templated":true}]}}