{"id":113805,"date":"2017-05-24T00:04:24","date_gmt":"2017-05-24T03:04:24","guid":{"rendered":"https:\/\/www.redenoticia.com.br\/noticia\/?p=113805"},"modified":"2017-05-23T21:14:42","modified_gmt":"2017-05-24T00:14:42","slug":"icmc-usp-abre-inscricoes-para-mestrado-profissional-voltado-a-industria","status":"publish","type":"post","link":"https:\/\/migracao.redenoticia.com.br\/noticia\/2017\/icmc-usp-abre-inscricoes-para-mestrado-profissional-voltado-a-industria\/113805","title":{"rendered":"ICMC-USP abre inscri\u00e7\u00f5es para mestrado profissional voltado \u00e0 ind\u00fastria"},"content":{"rendered":"<p> Ag\u00eancia FAPESP \u2013 Est\u00e3o abertas as inscri\u00e7\u00f5es para o processo seletivo do <strong><em>Mestrado Profissional em Matem\u00e1tica, Estat\u00edstica e Computa\u00e7\u00e3o<\/em><\/strong> Aplicadas \u00e0 Ind\u00fastria (). Oferecida pelo Instituto de Ci\u00eancias Matem\u00e1ticas e de Computa\u00e7\u00e3o (ICMC) da USP, em S\u00e3o Carlos, a iniciativa est\u00e1 ligada ao Centro de Ci\u00eancias Matem\u00e1ticas Aplicadas \u00e0 Ind\u00fastria (CeMEAI), um Centro de Pesquisa, Inova\u00e7\u00e3o e Difus\u00e3o (CEPID) da FAPESP.<\/p>\n<p>S\u00e3o disponibilizadas 15 vagas com \u00eanfase em Ci\u00eancia de Dados: Agricultura, Sa\u00fade e Infraestrutura. \u201cO p\u00fablico-alvo do MECAI s\u00e3o, essencialmente, profissionais da ind\u00fastria, com forma\u00e7\u00e3o nas \u00e1reas de atua\u00e7\u00e3o do programa (matem\u00e1tica, estat\u00edstica e computa\u00e7\u00e3o), que desejam aprimorar seus conhecimentos, sobretudo para o desenvolvimento de solu\u00e7\u00f5es inovadoras nas empresas em que trabalham\u201d, disse Ellen Francine, coordenadora do MECAI e professora do ICMC.<\/p>\n<p>Segundo o CeMEAI, o mestrado profissional \u00e9 um dos \u00fanicos do pa\u00eds que aborda, de forma abrangente, \u00e1reas espec\u00edficas da matem\u00e1tica, estat\u00edstica e computa\u00e7\u00e3o aplicadas \u00e0 ind\u00fastria.<\/p>\n<p>As inscri\u00e7\u00f5es podem ser realizadas at\u00e9 o pr\u00f3ximo dia 12 de junho no site da . O processo seletivo ser\u00e1 realizado em uma \u00fanica etapa e a divulga\u00e7\u00e3o do resultado, com o nome dos convocados para a matr\u00edcula e lista de espera, est\u00e1 prevista para ocorrer at\u00e9 3 de julho. A turma que ingressar\u00e1 em 2017 ser\u00e1 a quarta do curso.<\/p>\n<p>\u201cTamb\u00e9m vale destacar a estreita rela\u00e7\u00e3o do MECAI com o CeMEAI, por meio da qual tem sido poss\u00edvel estabelecer contatos e promover parcerias com empresas e profissionais da ind\u00fastria, de modo a fomentar o desenvolvimento de pesquisa aplicada nas \u00e1reas de atua\u00e7\u00e3o do MECAI ao setor produtivo\u201d, disse Francine.<\/p>\n<p>Al\u00e9m do rec\u00e9m-criado MECAI, h\u00e1 tr\u00eas outros programas com mestrado e doutorado: o de Ci\u00eancias de Computa\u00e7\u00e3o e Matem\u00e1tica Computacional; o de Matem\u00e1tica; e o de Estat\u00edstica, que \u00e9 oferecido em parceria com a Universidade Federal de S\u00e3o Carlos. O ICMC participa, ainda, do Mestrado Profissional em Matem\u00e1tica em Rede Nacional (ProfMat), em parceria com a Sociedade Brasileira de Matem\u00e1tica (SBM).<\/p>\n<p>Mais informa\u00e7\u00f5es: .<\/p>\n","protected":false},"excerpt":{"rendered":"<p>Ag\u00eancia FAPESP \u2013 Est\u00e3o abertas as inscri\u00e7\u00f5es para o processo seletivo do Mestrado Profissional em Matem\u00e1tica, Estat\u00edstica e Computa\u00e7\u00e3o Aplicadas \u00e0 Ind\u00fastria (). Oferecida pelo Instituto de Ci\u00eancias Matem\u00e1ticas e de Computa\u00e7\u00e3o (ICMC) da USP, em S\u00e3o Carlos, a iniciativa est\u00e1 ligada ao Centro de Ci\u00eancias Matem\u00e1ticas Aplicadas \u00e0 Ind\u00fastria (CeMEAI), um Centro de Pesquisa, [&hellip;]<\/p>\n","protected":false},"author":2,"featured_media":37419,"comment_status":"open","ping_status":"closed","sticky":false,"template":"","format":"standard","meta":{"tdm_status":"","tdm_grid_status":"","footnotes":""},"categories":[22,351,370],"tags":[],"class_list":{"0":"post-113805","1":"post","2":"type-post","3":"status-publish","4":"format-standard","5":"has-post-thumbnail","7":"category-brasil","8":"category-cursos","9":"category-inscricao"},"_links":{"self":[{"href":"https:\/\/migracao.redenoticia.com.br\/noticia\/wp-json\/wp\/v2\/posts\/113805","targetHints":{"allow":["GET"]}}],"collection":[{"href":"https:\/\/migracao.redenoticia.com.br\/noticia\/wp-json\/wp\/v2\/posts"}],"about":[{"href":"https:\/\/migracao.redenoticia.com.br\/noticia\/wp-json\/wp\/v2\/types\/post"}],"author":[{"embeddable":true,"href":"https:\/\/migracao.redenoticia.com.br\/noticia\/wp-json\/wp\/v2\/users\/2"}],"replies":[{"embeddable":true,"href":"https:\/\/migracao.redenoticia.com.br\/noticia\/wp-json\/wp\/v2\/comments?post=113805"}],"version-history":[{"count":0,"href":"https:\/\/migracao.redenoticia.com.br\/noticia\/wp-json\/wp\/v2\/posts\/113805\/revisions"}],"wp:featuredmedia":[{"embeddable":true,"href":"https:\/\/migracao.redenoticia.com.br\/noticia\/wp-json\/wp\/v2\/media\/37419"}],"wp:attachment":[{"href":"https:\/\/migracao.redenoticia.com.br\/noticia\/wp-json\/wp\/v2\/media?parent=113805"}],"wp:term":[{"taxonomy":"category","embeddable":true,"href":"https:\/\/migracao.redenoticia.com.br\/noticia\/wp-json\/wp\/v2\/categories?post=113805"},{"taxonomy":"post_tag","embeddable":true,"href":"https:\/\/migracao.redenoticia.com.br\/noticia\/wp-json\/wp\/v2\/tags?post=113805"}],"curies":[{"name":"wp","href":"https:\/\/api.w.org\/{rel}","templated":true}]}}