{"id":113828,"date":"2017-05-24T16:42:31","date_gmt":"2017-05-24T19:42:31","guid":{"rendered":"https:\/\/www.redenoticia.com.br\/noticia\/?p=113828"},"modified":"2017-05-24T19:28:05","modified_gmt":"2017-05-24T22:28:05","slug":"novela-ribeirao-do-tempo-resumo-2505-teixeira-le-o-testamento-de-madame-durrel","status":"publish","type":"post","link":"https:\/\/migracao.redenoticia.com.br\/noticia\/2017\/novela-ribeirao-do-tempo-resumo-2505-teixeira-le-o-testamento-de-madame-durrel\/113828","title":{"rendered":"Novela \u201cRibeir\u00e3o do Tempo\u201d resumo 25\/05: Virg\u00edlio diz para Tito vender a empresa"},"content":{"rendered":"<p> <img loading=\"lazy\" decoding=\"async\" src=\"https:\/\/migracao.redenoticia.com.br\/noticia\/imagens\/ribeirao_do_tempo_novela_record_resumo-150x112.jpg\" alt=\"\" width=\"150\" height=\"112\" class=\"alignleft size-thumbnail wp-image-108265\" srcset=\"https:\/\/migracao.redenoticia.com.br\/noticia\/imagens\/ribeirao_do_tempo_novela_record_resumo-150x112.jpg 150w, https:\/\/migracao.redenoticia.com.br\/noticia\/imagens\/ribeirao_do_tempo_novela_record_resumo-265x198.jpg 265w\" sizes=\"auto, (max-width: 150px) 100vw, 150px\" \/><strong><em>Novela \u201cRibeir\u00e3o do Tempo\u201d resumo 25\/05<\/em><\/strong>: no capitulo 058 (*) da novela \u201cRibeir\u00e3o do Tempo\u201d, quinta-feira, 25 de maio, Irritad\u00edssima, Karina conta para Zuleide que Tito a deixou de lado para cumprimentar Filomena. Para se vingar de Tito, Karina liga para o senador e diz que quer v\u00ea-lo. A patricinha conta para Zuleide que transou com o senador. Maliciosa, Marta diz a Ajuricaba que a delegacia nunca esteve t\u00e3o interessante. O delegado fica furioso. Tito revela a Newton que Karina est\u00e1 com bronca de Filomena. Newton explica para Tito que o \u00fanico jeito de se safar da acusa\u00e7\u00e3o \u00e9 descobrir quem sabotou o avi\u00e3o. Joca diz a Quer\u00eancio que ficou feliz ao saber que ele \u00e9 o herdeiro de Madame Durrel. Arminda leva Joca at\u00e9 a porta e diz que s\u00f3 quis que ele comparecesse \u00e0 reuni\u00e3o por medo do que poderia acontecer. Sancha fala para L\u00e9ia e Romeu que o objetivo da opera\u00e7\u00e3o \u201cca\u00e7a-cuecas\u201d era descobrir o herdeiro de Madame Durrel. Teixeira explica para Bruno e C\u00e9lia que agora s\u00f3 lhes resta aguardar o resultado da reuni\u00e3o da diretoria da Patrim\u00f4nio Eterno. Os tr\u00eas brindam.<\/p>\n<p>Arminda fala para Filomena que vai precisar da ajuda dela para impedir que as pessoas se aproximem de Quer\u00eancio de olho grande na fortuna dele. A executiva explica para a jovem que ela n\u00e3o joga do mesmo lado que Teixeira e Bruno. Teixeira diz a Bruno e a C\u00e9lia que j\u00e1 acionou contatos para fomentar a resist\u00eancia ao nome da Arminda na Europa e lan\u00e7ou o de Bruno para assumir o comando da patrim\u00f4nio Eterno em Ribeir\u00e3o. Lincon diz a Patr\u00edcia que pediu para Nicolau indicar uma pessoa para o cargo que era de Carmem. Virg\u00edlio explica a Tito que ele precisa vender a empresa, mas o aventureiro afirma que est\u00e1 pensando em reabrir a pousada. C\u00e9lia explica para Karina o plano de Teixeira e Bruno para tirar Arminda da presid\u00eancia da empresa. Arminda fica sabendo que Bruno ligou procurando Quer\u00eancio. Arminda liga para Joca e pede que ele fique atr\u00e1s de Quer\u00eancio. Teixeira e Bruno v\u00e3o \u00e0 boate para conversar com Quer\u00eancio. Clor\u00eds visita Flores e pergunta para F\u00e1tima se o professor recebe muitas visitas. Flores chega e vai com Clor\u00eds para a biblioteca. L\u00e9ia briga com Joca e fala para ele n\u00e3o contar mais com a ajuda dela. Teixeira explica a Quer\u00eancio que \u00e9 bom que ele esteja a par de todos os detalhes que envolvem a empresa. <\/p>\n<p>Guilherme procura Arminda para saber novidades sobre Diana. Diana lembra de Guilherme e se emociona. Clor\u00eds fala para Flores que est\u00e1 muito tensa com a situa\u00e7\u00e3o da pousada. L\u00e9ia vai at\u00e9 a casa do professor e diz que quer conversar. Clor\u00eds interrompe a conversa dos dois e Flores apresenta as duas. Teixeira fala para Quer\u00eancio que a \u00fanica pessoa em quem madame Durrel confiava inteiramente era ele e diz que Arminda \u00e9 muito perigosa. Joca entra na boate e observa os tr\u00eas conversando. Flores toma caf\u00e9 com L\u00e9ia e Clor\u00eds. As duas trocam algumas \u201cfarpas\u201d e Flores tenta contornar a situa\u00e7\u00e3o. O professor consegue despach\u00e1-las, fingindo que tem que atender a um telefonema urgente. L\u00e9ia diz a Sancha que Clor\u00eds n\u00e3o imagina o que vai encontrar pela frente. Clor\u00eds diz a Tito que vai se casar com Flores e vai acabar com quem se meter em seu caminho. Arminda fica desconcertada ao ser informada por Teixeira que est\u00e1 havendo reuni\u00e3o da diretoria na Europa. Arminda diz ao advogado que ele tinha obriga\u00e7\u00e3o de deix\u00e1-la a par da reuni\u00e3o e ressalta que se descobrir que ele andou armando para cima dela ele vai se dar mal.<\/p>\n<p>(*) edi\u00e7\u00e3o da Rede Record, Novela \u201cRibeir\u00e3o do Tempo\u201d, sujeito a altera\u00e7\u00e3o de data e conte\u00fado.<\/p>\n","protected":false},"excerpt":{"rendered":"<p>Novela \u201cRibeir\u00e3o do Tempo\u201d resumo 25\/05: no capitulo 058 (*) da novela \u201cRibeir\u00e3o do Tempo\u201d, quinta-feira, 25 de maio, Irritad\u00edssima, Karina conta para Zuleide que Tito a deixou de lado para cumprimentar Filomena. Para se vingar de Tito, Karina liga para o senador e diz que quer v\u00ea-lo. A patricinha conta para Zuleide que transou [&hellip;]<\/p>\n","protected":false},"author":2,"featured_media":108265,"comment_status":"open","ping_status":"closed","sticky":false,"template":"","format":"standard","meta":{"tdm_status":"","tdm_grid_status":"","footnotes":""},"categories":[379,371,343],"tags":[441],"class_list":{"0":"post-113828","1":"post","2":"type-post","3":"status-publish","4":"format-standard","5":"has-post-thumbnail","7":"category-novelas","8":"category-rede-record","9":"category-televisao","10":"tag-resumo-do-dia"},"_links":{"self":[{"href":"https:\/\/migracao.redenoticia.com.br\/noticia\/wp-json\/wp\/v2\/posts\/113828","targetHints":{"allow":["GET"]}}],"collection":[{"href":"https:\/\/migracao.redenoticia.com.br\/noticia\/wp-json\/wp\/v2\/posts"}],"about":[{"href":"https:\/\/migracao.redenoticia.com.br\/noticia\/wp-json\/wp\/v2\/types\/post"}],"author":[{"embeddable":true,"href":"https:\/\/migracao.redenoticia.com.br\/noticia\/wp-json\/wp\/v2\/users\/2"}],"replies":[{"embeddable":true,"href":"https:\/\/migracao.redenoticia.com.br\/noticia\/wp-json\/wp\/v2\/comments?post=113828"}],"version-history":[{"count":0,"href":"https:\/\/migracao.redenoticia.com.br\/noticia\/wp-json\/wp\/v2\/posts\/113828\/revisions"}],"wp:featuredmedia":[{"embeddable":true,"href":"https:\/\/migracao.redenoticia.com.br\/noticia\/wp-json\/wp\/v2\/media\/108265"}],"wp:attachment":[{"href":"https:\/\/migracao.redenoticia.com.br\/noticia\/wp-json\/wp\/v2\/media?parent=113828"}],"wp:term":[{"taxonomy":"category","embeddable":true,"href":"https:\/\/migracao.redenoticia.com.br\/noticia\/wp-json\/wp\/v2\/categories?post=113828"},{"taxonomy":"post_tag","embeddable":true,"href":"https:\/\/migracao.redenoticia.com.br\/noticia\/wp-json\/wp\/v2\/tags?post=113828"}],"curies":[{"name":"wp","href":"https:\/\/api.w.org\/{rel}","templated":true}]}}