{"id":113849,"date":"2017-05-25T00:05:40","date_gmt":"2017-05-25T03:05:40","guid":{"rendered":"https:\/\/www.redenoticia.com.br\/noticia\/?p=113849"},"modified":"2017-05-24T16:02:34","modified_gmt":"2017-05-24T19:02:34","slug":"pos-doutorado-em-matematica-com-bolsa-da-fapesp-2","status":"publish","type":"post","link":"https:\/\/migracao.redenoticia.com.br\/noticia\/2017\/pos-doutorado-em-matematica-com-bolsa-da-fapesp-2\/113849","title":{"rendered":"P\u00f3s-doutorado em Matem\u00e1tica com Bolsa da FAPESP"},"content":{"rendered":"<p> Ag\u00eancia FAPESP \u2013 Pesquisadores do Projeto Tem\u00e1tico  abriram sele\u00e7\u00e3o para uma vaga de <em><strong>p\u00f3s-doutorado com dura\u00e7\u00e3o de dois anos e Bolsa da FAPESP<\/strong><\/em>. A pesquisa \u00e9 conduzida no Departamento de Matem\u00e1tica Aplicada da Unesp em S\u00e3o Jos\u00e9 do Rio Preto.<\/p>\n<p>O objetivo espec\u00edfico do projeto vinculado \u00e0 Bolsa de P\u00f3s-Doutorado \u00e9 estudar a rela\u00e7\u00e3o entre as fun\u00e7\u00f5es inteiras da classe de Laguerre-P\u00f3lya e propriedades de formas modulares.<\/p>\n<p>Os candidatos devem possuir t\u00edtulo de doutor obtido h\u00e1 no m\u00e1ximo sete anos, no pa\u00eds ou no exterior, em Matem\u00e1tica ou \u00e1reas afins, e ter produ\u00e7\u00e3o cient\u00edfica compat\u00edvel com a fase de sua carreira.<\/p>\n<p>Os candidatos dever\u00e3o enviar, at\u00e9 30 de maio de 2017, carta de interesse e motiva\u00e7\u00e3o (at\u00e9 duas p\u00e1ginas) e curriculum vitae completo (at\u00e9 tr\u00eas p\u00e1ginas) para o professor Dimitar Kolev Dimitrov, pesquisador respons\u00e1vel pelo projeto, pelo e-mail dimitrov@ibilce.unesp.br.<\/p>\n<p>Mais informa\u00e7\u00f5es sobre a oportunidade: .<\/p>\n<p>A vaga est\u00e1 aberta a brasileiros e estrangeiros. O selecionado receber\u00e1 Bolsa de P\u00f3s-Doutorado da FAPESP no valor de R$ 6.819,30 mensais e Reserva T\u00e9cnica. A Reserva T\u00e9cnica de Bolsa de PD equivale a 15% do valor anual da bolsa e tem o objetivo de atender a despesas imprevistas e diretamente relacionadas \u00e0 atividade de pesquisa.<\/p>\n<p>Caso o bolsista selecionado resida em domic\u00edlio diferente e precise se mudar para a cidade onde se localiza a institui\u00e7\u00e3o-sede da pesquisa, poder\u00e1 ter direito a um aux\u00edlio para instala\u00e7\u00e3o. Mais informa\u00e7\u00f5es sobre a Bolsa de P\u00f3s-Doutorado da FAPESP est\u00e3o dispon\u00edveis em .<\/p>\n<p>Outras vagas de bolsas, em diversas \u00e1reas do conhecimento, est\u00e3o no site FAPESP-Oportunidades, em .<\/p>\n","protected":false},"excerpt":{"rendered":"<p>Ag\u00eancia FAPESP \u2013 Pesquisadores do Projeto Tem\u00e1tico abriram sele\u00e7\u00e3o para uma vaga de p\u00f3s-doutorado com dura\u00e7\u00e3o de dois anos e Bolsa da FAPESP. A pesquisa \u00e9 conduzida no Departamento de Matem\u00e1tica Aplicada da Unesp em S\u00e3o Jos\u00e9 do Rio Preto. O objetivo espec\u00edfico do projeto vinculado \u00e0 Bolsa de P\u00f3s-Doutorado \u00e9 estudar a rela\u00e7\u00e3o entre [&hellip;]<\/p>\n","protected":false},"author":2,"featured_media":34767,"comment_status":"open","ping_status":"closed","sticky":false,"template":"","format":"standard","meta":{"tdm_status":"","tdm_grid_status":"","footnotes":""},"categories":[22,351,370],"tags":[],"class_list":{"0":"post-113849","1":"post","2":"type-post","3":"status-publish","4":"format-standard","5":"has-post-thumbnail","7":"category-brasil","8":"category-cursos","9":"category-inscricao"},"_links":{"self":[{"href":"https:\/\/migracao.redenoticia.com.br\/noticia\/wp-json\/wp\/v2\/posts\/113849","targetHints":{"allow":["GET"]}}],"collection":[{"href":"https:\/\/migracao.redenoticia.com.br\/noticia\/wp-json\/wp\/v2\/posts"}],"about":[{"href":"https:\/\/migracao.redenoticia.com.br\/noticia\/wp-json\/wp\/v2\/types\/post"}],"author":[{"embeddable":true,"href":"https:\/\/migracao.redenoticia.com.br\/noticia\/wp-json\/wp\/v2\/users\/2"}],"replies":[{"embeddable":true,"href":"https:\/\/migracao.redenoticia.com.br\/noticia\/wp-json\/wp\/v2\/comments?post=113849"}],"version-history":[{"count":0,"href":"https:\/\/migracao.redenoticia.com.br\/noticia\/wp-json\/wp\/v2\/posts\/113849\/revisions"}],"wp:featuredmedia":[{"embeddable":true,"href":"https:\/\/migracao.redenoticia.com.br\/noticia\/wp-json\/wp\/v2\/media\/34767"}],"wp:attachment":[{"href":"https:\/\/migracao.redenoticia.com.br\/noticia\/wp-json\/wp\/v2\/media?parent=113849"}],"wp:term":[{"taxonomy":"category","embeddable":true,"href":"https:\/\/migracao.redenoticia.com.br\/noticia\/wp-json\/wp\/v2\/categories?post=113849"},{"taxonomy":"post_tag","embeddable":true,"href":"https:\/\/migracao.redenoticia.com.br\/noticia\/wp-json\/wp\/v2\/tags?post=113849"}],"curies":[{"name":"wp","href":"https:\/\/api.w.org\/{rel}","templated":true}]}}