{"id":113861,"date":"2017-05-25T00:08:01","date_gmt":"2017-05-25T03:08:01","guid":{"rendered":"https:\/\/www.redenoticia.com.br\/noticia\/?p=113861"},"modified":"2017-05-24T16:06:07","modified_gmt":"2017-05-24T19:06:07","slug":"reservas-da-pro-sangue-sp-estao-em-situacao-critica","status":"publish","type":"post","link":"https:\/\/migracao.redenoticia.com.br\/noticia\/2017\/reservas-da-pro-sangue-sp-estao-em-situacao-critica\/113861","title":{"rendered":"Reservas da Pr\u00f3-Sangue SP est\u00e3o em situa\u00e7\u00e3o cr\u00edtica"},"content":{"rendered":"<p> As reservas da <em><strong>Pr\u00f3-Sangue<\/strong><\/em> est\u00e3o em situa\u00e7\u00e3o cr\u00edtica. A Funda\u00e7\u00e3o est\u00e1 registrando queda gradativa na coleta, chegando a estar 60% abaixo do patamar desejado. Est\u00e3o em situa\u00e7\u00e3o bem delicada os sangues O+, O-, B-, A+ e A- , ou seja, em condi\u00e7\u00f5es de abastecer os hospitais por apenas dois dias.<\/p>\n<p>Vale lembrar que a Pr\u00f3-Sangue fornece sangue para mais de 100 institui\u00e7\u00f5es de sa\u00fade da rede p\u00fablica do Governo do Estado de S\u00e3o Paulo. Para que o sangue n\u00e3o venha a faltar para quem precisa, a Funda\u00e7\u00e3o faz forte apelo de convoca\u00e7\u00e3o para as pessoas doem sangue.<\/p>\n<p>Do Portal do Governo SP<\/p>\n<p>&#8212;<\/p>\n<p>Voc\u00ea sabia que o sangue \u00e9 respons\u00e1vel por transportar importantes subst\u00e2ncias para o funcionamento do nosso organismo? Al\u00e9m disso, concentra quase todas as defesas do sistema imunol\u00f3gico do corpo. Por isso \u00e9 t\u00e3o importante doar sangue, uma a\u00e7\u00e3o que pode ajudar a salvar muitas vidas.<\/p>\n<p>Se voc\u00ea nunca doou, seja por medo ou falta de tempo, confira abaixo cinco motivos para\u00a0ajudar quem precisa:<\/p>\n<p>1- Uma \u00fanica doa\u00e7\u00e3o pode salvar at\u00e9 quatro vidas<br \/>\nAjude quem mais precisa. Estes s\u00e3o os requisitos b\u00e1sicos para ser um doador:<br \/>\n\u2013 Estar em boas condi\u00e7\u00f5es de sa\u00fade.<br \/>\n\u2013 Ter entre 16 e 69 anos, desde que a primeira doa\u00e7\u00e3o tenha sido feita at\u00e9 60 anos (menores de 18 anos, clique para ver\u00a0\u00a0e\u00a0).<br \/>\n\u2013 Pesar no m\u00ednimo 50kg.<br \/>\n\u2013 Estar descansado (ter dormido pelo menos 6 horas nas \u00faltimas 24 horas).<br \/>\n\u2013 Estar alimentado (evitar alimenta\u00e7\u00e3o gordurosa nas 4 horas que antecedem a doa\u00e7\u00e3o).<br \/>\n\u2013 Apresentar documento original com foto emitido por \u00f3rg\u00e3o oficial (Carteira de Identidade, Cart\u00e3o de Identidade de Profissional Liberal, Carteira de Trabalho e Previd\u00eancia Social).<\/p>\n<p>2- Doar sangue \u00e9 um ato volunt\u00e1rio do bem! Faz bem para quem doa e para quem recebe<br \/>\nA ci\u00eancia avan\u00e7ou muito e fez v\u00e1rias descobertas. Mas ainda n\u00e3o foi encontrado um substituto para o sangue humano. Por isso, sempre que precisa de uma transfus\u00e3o de sangue, a pessoa s\u00f3 pode contar com a solidariedade de outras.<\/p>\n<p>Doar sangue \u00e9 simples, r\u00e1pido e seguro. Mas, para quem o recebe, esse gesto vale a pr\u00f3pria vida. Ser doador volunt\u00e1rio faz bem para quem doa tamb\u00e9m. A satisfa\u00e7\u00e3o de salvar vidas \u00e9 a maior recompensa.<\/p>\n<p>3- A Pr\u00f3-Sangue disponibiliza servi\u00e7o de van para buscar os doadores<br \/>\nA Funda\u00e7\u00e3o Pr\u00f3-Sangue disponibiliza uma van para grupos de no m\u00ednimo 10 e no m\u00e1ximo 15 pessoas. O servi\u00e7o est\u00e1 dispon\u00edvel \u00e0s\u00a0segundas, quartas e sextas-feiras e aos fins de semana, das 9 \u00e0s 15 horas.<\/p>\n<p>O agendamento deve ser feito com pelo menos dois dias \u00fateis de anteced\u00eancia, desde que a localiza\u00e7\u00e3o n\u00e3o ultrapasse um per\u00edmetro de 10 quil\u00f4metros do posto escolhido e o hor\u00e1rio solicitado esteja dentro do hor\u00e1rio de atendimento. O servi\u00e7o busca e leva de volta ao local de sa\u00edda.<\/p>\n<p>Para realizar o agendamento, basta enviar um um e-mail para: . Para mais informa\u00e7\u00f5es acesse .<\/p>\n<p>4- A doa\u00e7\u00e3o \u00e9 r\u00e1pida! Todo o processo n\u00e3o dura mais que 1 hora<br \/>\nDoar sangue \u00e9 muito simples e f\u00e1cil. As etapas para o processo s\u00e3o:\u00a0cadastro (ou registro) do doador, triagem cl\u00ednica que inclui teste de anemia, verifica\u00e7\u00e3o da press\u00e3o arterial, batimentos card\u00edacos, peso, temperatura e question\u00e1rio sobre sua sa\u00fade, voto de auto-exclus\u00e3o, o ato da doa\u00e7\u00e3o e o lanche p\u00f3s-doa\u00e7\u00e3o.<\/p>\n<p>5- O doador tem direito a um dia de folga no trabalho<br \/>\nVoc\u00ea sabia que quem faz a doa\u00e7\u00e3o tem direito \u00e0 folga no trabalho? Aqueles que doarem sangue t\u00eam\u00a0direito a um dia de folga a cada 12 meses trabalhados, desde que a doa\u00e7\u00e3o esteja devidamente comprovada, de acordo com os termos previstos no Decreto-Lei n\u00ba 5.452, de 1\u00ba de maio de 1943 (Consolida\u00e7\u00e3o das Leis do Trabalho).<\/p>\n<p>Esse direito tamb\u00e9m se estende ao funcion\u00e1rio p\u00fablico civil de autarquia ou militar, conforme preconizam a Lei Federal n\u00ba 1.075, de 27 de mar\u00e7o de 1950, bem como a Lei Estadual n\u00ba 3.365, de 6 de junho de 1956. Apesar da legisla\u00e7\u00e3o vigente, vale\u00a0ressaltar que a doa\u00e7\u00e3o de sangue \u00e9 um gesto volunt\u00e1rio e altru\u00edsta e, portanto, n\u00e3o deve ser encarada como um benef\u00edcio pr\u00f3prio.<\/p>\n","protected":false},"excerpt":{"rendered":"<p>As reservas da Pr\u00f3-Sangue est\u00e3o em situa\u00e7\u00e3o cr\u00edtica. A Funda\u00e7\u00e3o est\u00e1 registrando queda gradativa na coleta, chegando a estar 60% abaixo do patamar desejado. Est\u00e3o em situa\u00e7\u00e3o bem delicada os sangues O+, O-, B-, A+ e A- , ou seja, em condi\u00e7\u00f5es de abastecer os hospitais por apenas dois dias. Vale lembrar que a Pr\u00f3-Sangue [&hellip;]<\/p>\n","protected":false},"author":2,"featured_media":37376,"comment_status":"open","ping_status":"closed","sticky":false,"template":"","format":"standard","meta":{"tdm_status":"","tdm_grid_status":"","footnotes":""},"categories":[22,5],"tags":[],"class_list":{"0":"post-113861","1":"post","2":"type-post","3":"status-publish","4":"format-standard","5":"has-post-thumbnail","7":"category-brasil","8":"category-saude-e-vida"},"_links":{"self":[{"href":"https:\/\/migracao.redenoticia.com.br\/noticia\/wp-json\/wp\/v2\/posts\/113861","targetHints":{"allow":["GET"]}}],"collection":[{"href":"https:\/\/migracao.redenoticia.com.br\/noticia\/wp-json\/wp\/v2\/posts"}],"about":[{"href":"https:\/\/migracao.redenoticia.com.br\/noticia\/wp-json\/wp\/v2\/types\/post"}],"author":[{"embeddable":true,"href":"https:\/\/migracao.redenoticia.com.br\/noticia\/wp-json\/wp\/v2\/users\/2"}],"replies":[{"embeddable":true,"href":"https:\/\/migracao.redenoticia.com.br\/noticia\/wp-json\/wp\/v2\/comments?post=113861"}],"version-history":[{"count":0,"href":"https:\/\/migracao.redenoticia.com.br\/noticia\/wp-json\/wp\/v2\/posts\/113861\/revisions"}],"wp:featuredmedia":[{"embeddable":true,"href":"https:\/\/migracao.redenoticia.com.br\/noticia\/wp-json\/wp\/v2\/media\/37376"}],"wp:attachment":[{"href":"https:\/\/migracao.redenoticia.com.br\/noticia\/wp-json\/wp\/v2\/media?parent=113861"}],"wp:term":[{"taxonomy":"category","embeddable":true,"href":"https:\/\/migracao.redenoticia.com.br\/noticia\/wp-json\/wp\/v2\/categories?post=113861"},{"taxonomy":"post_tag","embeddable":true,"href":"https:\/\/migracao.redenoticia.com.br\/noticia\/wp-json\/wp\/v2\/tags?post=113861"}],"curies":[{"name":"wp","href":"https:\/\/api.w.org\/{rel}","templated":true}]}}