{"id":113869,"date":"2017-05-24T16:37:26","date_gmt":"2017-05-24T19:37:26","guid":{"rendered":"https:\/\/www.redenoticia.com.br\/noticia\/?p=113869"},"modified":"2017-05-24T16:08:13","modified_gmt":"2017-05-24T19:08:13","slug":"resumo-novela-novo-mundo-2505-jose-bonifacio-recusa-o-cargo-de-ministro","status":"publish","type":"post","link":"https:\/\/migracao.redenoticia.com.br\/noticia\/2017\/resumo-novela-novo-mundo-2505-jose-bonifacio-recusa-o-cargo-de-ministro\/113869","title":{"rendered":"Resumo novela \u201cNovo Mundo\u201d 25\/05: Jos\u00e9 Bonif\u00e1cio recusa o cargo de Ministro"},"content":{"rendered":"<p><img loading=\"lazy\" decoding=\"async\" class=\"alignleft size-thumbnail wp-image-107950\" src=\"https:\/\/migracao.redenoticia.com.br\/noticia\/imagens\/novo_mundo_novela_resumo_globo-150x112.jpg\" alt=\"\" width=\"150\" height=\"112\" srcset=\"https:\/\/migracao.redenoticia.com.br\/noticia\/imagens\/novo_mundo_novela_resumo_globo-150x112.jpg 150w, https:\/\/migracao.redenoticia.com.br\/noticia\/imagens\/novo_mundo_novela_resumo_globo-265x198.jpg 265w\" sizes=\"auto, (max-width: 150px) 100vw, 150px\" \/><strong><em>Resumo novela \u201cNovo Mundo\u201d 25\/05<\/em><\/strong>: no cap\u00edtulo 056(*) da novela \u201cNovo Mundo\u201d, resumo de quinta-feira, 25 de maio, Leopoldina convida Jos\u00e9 Bonif\u00e1cio para se hospedar no pal\u00e1cio. Thomas mostra o registro de Vit\u00f3ria, e Anna se preocupa. Sebasti\u00e3o acredita na falsa carta da Madre Superiora feita por Cec\u00edlia e autoriza a filha a ajudar o convento. Cec\u00edlia beija Lib\u00e9rio. Diara confirma as suspeitas de Joaquim sobre Jacinto. Dom Pedro n\u00e3o deixa Thomas se apresentar a Jos\u00e9 Bonif\u00e1cio. Anna comenta com Leopoldina a estranheza com o coment\u00e1rio de seu marido sobre Vit\u00f3ria. Domitila surpreende Francisco ao afirmar que ir\u00e1 ao jantar no pal\u00e1cio com ele. Diara conta para Joaquim o que descobriu sobre Jacinto. Domitila chega ao pal\u00e1cio e Thomas fica furioso. Joaquim tenta falar com Anna, mas Elvira o impede. Thomas convence Domitila a ir embora do pal\u00e1cio. Jos\u00e9 Bonif\u00e1cio recusa o cargo de Ministro.<\/p>\n<p>(*) edi\u00e7\u00e3o da Rede Globo, Novela \u201cNovo Mundo\u201d, sujeito a altera\u00e7\u00e3o de data e conte\u00fado.<\/p>\n<p>Novo Mundo \u00e9 uma telenovela brasileira produzida pela Rede Globo. Escrita por Thereza Falc\u00e3o e Alessandro Marson, conta com dire\u00e7\u00e3o art\u00edstica de Vin\u00edcius Coimbra. Conta com as participa\u00e7\u00f5es de Isabelle Drummond, Chay Suede, Caio Castro, Let\u00edcia Colin, Leo Jaime, D\u00e9bora Olivieri, Rodrigo Simas, Giullia Buscacio, Vivianne Pasmanter, Guilherme Piva, R\u00f4mulo Estrela, Agatha Moreira, Luisa Micheletti, Gabriel Braga Nunes, e Ingrid Guimar\u00e3es<\/p>\n","protected":false},"excerpt":{"rendered":"<p>Resumo novela \u201cNovo Mundo\u201d 25\/05: no cap\u00edtulo 056(*) da novela \u201cNovo Mundo\u201d, resumo de quinta-feira, 25 de maio, Leopoldina convida Jos\u00e9 Bonif\u00e1cio para se hospedar no pal\u00e1cio. Thomas mostra o registro de Vit\u00f3ria, e Anna se preocupa. Sebasti\u00e3o acredita na falsa carta da Madre Superiora feita por Cec\u00edlia e autoriza a filha a ajudar o [&hellip;]<\/p>\n","protected":false},"author":4,"featured_media":107950,"comment_status":"open","ping_status":"closed","sticky":false,"template":"","format":"standard","meta":{"tdm_status":"","tdm_grid_status":"","footnotes":""},"categories":[379,375,343],"tags":[441],"class_list":{"0":"post-113869","1":"post","2":"type-post","3":"status-publish","4":"format-standard","5":"has-post-thumbnail","7":"category-novelas","8":"category-rede-globo","9":"category-televisao","10":"tag-resumo-do-dia"},"_links":{"self":[{"href":"https:\/\/migracao.redenoticia.com.br\/noticia\/wp-json\/wp\/v2\/posts\/113869","targetHints":{"allow":["GET"]}}],"collection":[{"href":"https:\/\/migracao.redenoticia.com.br\/noticia\/wp-json\/wp\/v2\/posts"}],"about":[{"href":"https:\/\/migracao.redenoticia.com.br\/noticia\/wp-json\/wp\/v2\/types\/post"}],"author":[{"embeddable":true,"href":"https:\/\/migracao.redenoticia.com.br\/noticia\/wp-json\/wp\/v2\/users\/4"}],"replies":[{"embeddable":true,"href":"https:\/\/migracao.redenoticia.com.br\/noticia\/wp-json\/wp\/v2\/comments?post=113869"}],"version-history":[{"count":0,"href":"https:\/\/migracao.redenoticia.com.br\/noticia\/wp-json\/wp\/v2\/posts\/113869\/revisions"}],"wp:featuredmedia":[{"embeddable":true,"href":"https:\/\/migracao.redenoticia.com.br\/noticia\/wp-json\/wp\/v2\/media\/107950"}],"wp:attachment":[{"href":"https:\/\/migracao.redenoticia.com.br\/noticia\/wp-json\/wp\/v2\/media?parent=113869"}],"wp:term":[{"taxonomy":"category","embeddable":true,"href":"https:\/\/migracao.redenoticia.com.br\/noticia\/wp-json\/wp\/v2\/categories?post=113869"},{"taxonomy":"post_tag","embeddable":true,"href":"https:\/\/migracao.redenoticia.com.br\/noticia\/wp-json\/wp\/v2\/tags?post=113869"}],"curies":[{"name":"wp","href":"https:\/\/api.w.org\/{rel}","templated":true}]}}