{"id":113873,"date":"2017-05-24T16:38:22","date_gmt":"2017-05-24T19:38:22","guid":{"rendered":"https:\/\/www.redenoticia.com.br\/noticia\/?p=113873"},"modified":"2017-05-24T16:09:18","modified_gmt":"2017-05-24T19:09:18","slug":"resumo-novela-rock-story-2505-julia-lanca-o-seu-livro","status":"publish","type":"post","link":"https:\/\/migracao.redenoticia.com.br\/noticia\/2017\/resumo-novela-rock-story-2505-julia-lanca-o-seu-livro\/113873","title":{"rendered":"Resumo novela \u201cRock Story\u201d 25\/05: J\u00falia lan\u00e7a o seu livro"},"content":{"rendered":"<p><img loading=\"lazy\" decoding=\"async\" class=\"alignleft size-thumbnail wp-image-97429\" src=\"https:\/\/migracao.redenoticia.com.br\/noticia\/imagens\/logo_rock_story-150x112.jpg\" alt=\"logo_rock_story\" width=\"150\" height=\"112\" srcset=\"https:\/\/migracao.redenoticia.com.br\/noticia\/imagens\/logo_rock_story-150x112.jpg 150w, https:\/\/migracao.redenoticia.com.br\/noticia\/imagens\/logo_rock_story-265x198.jpg 265w\" sizes=\"auto, (max-width: 150px) 100vw, 150px\" \/><strong><em>Resumo novela \u201cRock Story\u201d 25\/05<\/em><\/strong>: no cap\u00edtulo 170(*) da novela \u201cRock Story\u201d, resumo de quinta-feira, 25 de maio, Alex reclama de ir para o antigo esconderijo. L\u00e9o expulsa Manu de sua casa. Gui avisa a J\u00falia que Alex fugiu. Manu se despede de Eva. L\u00e9o e Jaiminho v\u00e3o atr\u00e1s de Stefany, que se emociona com a surpresa. William perde o caderninho de Salvatore e Alex se enfurece. Joana incentiva JF a fazer uma nova audi\u00e7\u00e3o para o Conservat\u00f3rio de M\u00fasica. N\u00e9ia decide ficar com Almir. Alex encontra o caderninho nos pertences de William. L\u00e9o e Stefany viajam para a Europa. J\u00falia escreve seu livro com Ricardo. Diana trabalha com Laila. Chega o dia do lan\u00e7amento do livro de J\u00falia. Gui volta para sua antiga casa. Nicolau \u00e9 internado. Marisa entra em trabalho de parto. N\u00e9ia desconfia que Almir tenha lhe roubado. Alex surge no lan\u00e7amento do livro de J\u00falia.<\/p>\n<p>(*) edi\u00e7\u00e3o da Rede Globo, Novela \u201cRock Story\u201d, sujeito a altera\u00e7\u00e3o de data e conte\u00fado.<\/p>\n<p>Rock Story \u00e9 uma telenovela brasileira produzida pela Rede Globo, para o hor\u00e1rio das 19 horas, com estreia em 9 de novembro de 2016, substituindo Haja Cora\u00e7\u00e3o. Escrita por Maria Helena Nascimento, com supervis\u00e3o de texto de Ricardo Linhares, \u00e9 escrita com a colabora\u00e7\u00e3o de \u00c2ngela Chaves, Cl\u00e1udio Lisboa, Chico Soares e Daisy Chaves, com dire\u00e7\u00e3o geral de Maria de M\u00e9dicis e dire\u00e7\u00e3o art\u00edstica de Dennis Carvalho. Conta com as participa\u00e7\u00f5es de Vladimir Brichta, Nathalia Dill, Alinne Moraes, Rafael Vitti, Jo\u00e3o de Castro, Viviane Ara\u00fajo, Nicolas Prattes e Caio Paduan. <\/p>\n","protected":false},"excerpt":{"rendered":"<p>Resumo novela \u201cRock Story\u201d 25\/05: no cap\u00edtulo 170(*) da novela \u201cRock Story\u201d, resumo de quinta-feira, 25 de maio, Alex reclama de ir para o antigo esconderijo. L\u00e9o expulsa Manu de sua casa. Gui avisa a J\u00falia que Alex fugiu. Manu se despede de Eva. L\u00e9o e Jaiminho v\u00e3o atr\u00e1s de Stefany, que se emociona com [&hellip;]<\/p>\n","protected":false},"author":4,"featured_media":97429,"comment_status":"open","ping_status":"closed","sticky":false,"template":"","format":"standard","meta":{"tdm_status":"","tdm_grid_status":"","footnotes":""},"categories":[379,375,343],"tags":[441],"class_list":{"0":"post-113873","1":"post","2":"type-post","3":"status-publish","4":"format-standard","5":"has-post-thumbnail","7":"category-novelas","8":"category-rede-globo","9":"category-televisao","10":"tag-resumo-do-dia"},"_links":{"self":[{"href":"https:\/\/migracao.redenoticia.com.br\/noticia\/wp-json\/wp\/v2\/posts\/113873","targetHints":{"allow":["GET"]}}],"collection":[{"href":"https:\/\/migracao.redenoticia.com.br\/noticia\/wp-json\/wp\/v2\/posts"}],"about":[{"href":"https:\/\/migracao.redenoticia.com.br\/noticia\/wp-json\/wp\/v2\/types\/post"}],"author":[{"embeddable":true,"href":"https:\/\/migracao.redenoticia.com.br\/noticia\/wp-json\/wp\/v2\/users\/4"}],"replies":[{"embeddable":true,"href":"https:\/\/migracao.redenoticia.com.br\/noticia\/wp-json\/wp\/v2\/comments?post=113873"}],"version-history":[{"count":0,"href":"https:\/\/migracao.redenoticia.com.br\/noticia\/wp-json\/wp\/v2\/posts\/113873\/revisions"}],"wp:featuredmedia":[{"embeddable":true,"href":"https:\/\/migracao.redenoticia.com.br\/noticia\/wp-json\/wp\/v2\/media\/97429"}],"wp:attachment":[{"href":"https:\/\/migracao.redenoticia.com.br\/noticia\/wp-json\/wp\/v2\/media?parent=113873"}],"wp:term":[{"taxonomy":"category","embeddable":true,"href":"https:\/\/migracao.redenoticia.com.br\/noticia\/wp-json\/wp\/v2\/categories?post=113873"},{"taxonomy":"post_tag","embeddable":true,"href":"https:\/\/migracao.redenoticia.com.br\/noticia\/wp-json\/wp\/v2\/tags?post=113873"}],"curies":[{"name":"wp","href":"https:\/\/api.w.org\/{rel}","templated":true}]}}