{"id":11389,"date":"2009-09-11T22:20:31","date_gmt":"2009-09-12T02:20:31","guid":{"rendered":"http:\/\/www.redenoticia.com.br\/noticia\/?p=11389"},"modified":"2009-09-14T22:47:55","modified_gmt":"2009-09-15T02:47:55","slug":"dupla-sena-793-%e2%80%93-resultado-divulgado-nesta-sexta-feira-1109","status":"publish","type":"post","link":"https:\/\/migracao.redenoticia.com.br\/noticia\/2009\/dupla-sena-793-%e2%80%93-resultado-divulgado-nesta-sexta-feira-1109\/11389","title":{"rendered":"Dupla Sena 793 \u2013 resultado divulgado nesta sexta-feira (11\/09)"},"content":{"rendered":"<p>Dupla Sena 793 \u2013 o <strong>resultado<\/strong> da <strong>Dupla Sena 793<\/strong>, sorteado nesta sexta-feira (<strong>11\/09<\/strong>), foi divulgado pelo caminh\u00e3o da sorte que est\u00e1 em Marab\u00e1, Estado do Par\u00e1. Nenhum apostador acertou as seis dezenas do Primeiro e Segundo sorteio e, agora, o pr\u00eamio est\u00e1 acumulado com estimativa de 3,5 milh\u00f5es para o pr\u00f3ximo concurso, que ser\u00e1 realizado dia 15 de setembro em Igrejinha, no Rio Grande do Sul. Confira o resultado da Dupla Sena 793 no Primeiro sorteio <strong>02\u00a0 07\u00a0 08\u00a0 14\u00a0 33\u00a0 41<\/strong> e no Segundo sorteio <strong>03\u00a0 18\u00a0 30\u00a0 38\u00a0 39\u00a0 43<\/strong>.<\/p>\n<p>Na Dupla Sena, com o mesmo bilhete, voc\u00ea tem 2 chances de ganhar. Voc\u00ea escolhe de 6 a 15 n\u00fameros, entre os 50 dispon\u00edveis no volante, e participa de 2 sorteios por concurso. Se voc\u00ea n\u00e3o acertar 6 n\u00fameros no primeiro sorteio, pode ganhar no segundo. Nele, voc\u00ea ganha se acertar 4, 5 ou 6 n\u00fameros.<\/p>\n<p>Voc\u00ea pode deixar, ainda, que o sistema escolha os n\u00fameros para voc\u00ea (Surpresinha) e\/ou concorrer com o mesmo jogo por 2, 4 ou 8 concursos consecutivos (Teimosinha). A aposta m\u00ednima, em 6 n\u00fameros, custa apenas R$ 1,00. Quanto mais n\u00fameros jogar, maior \u00e9 o pre\u00e7o da aposta e maiores as suas chances de ganhar.<\/p>\n<p>A Dupla Sena \u00e9 sorteada \u00e0s ter\u00e7as e sextas, sempre \u00e0s 20h.<\/p>\n<p>O pr\u00eamio bruto corresponde a 46% da arrecada\u00e7\u00e3o, j\u00e1 computado o adicional destinado ao Minist\u00e9rio do Esporte. Dessa porcentagem, s\u00e3o distribu\u00eddos:<\/p>\n<p>30% entre os acertadores dos 6 n\u00fameros sorteados (Sena) no primeiro sorteio (faixa \u00fanica);<\/p>\n<p>30% entre os acertadores de 6 n\u00fameros sorteados (Sena) no segundo sorteio;<\/p>\n<p>20% entre os acertadores de 5 n\u00fameros (Quina) no segundo sorteio;<\/p>\n<p>20% entre os acertadores de 4 n\u00fameros (Quadra) no segundo sorteio.<\/p>\n<p>N\u00e3o havendo acertador em qualquer faixa de premia\u00e7\u00e3o, o valor acumula para o concurso seguinte, na faixa \u00fanica do primeiro sorteio. N\u00e3o deixe de conferir o seu bilhete de aposta.<\/p>\n<p>Os pr\u00eamios prescrevem 90 dias ap\u00f3s a data do sorteio. Ap\u00f3s esse prazo, os valores s\u00e3o repassados ao tesouro nacional para aplica\u00e7\u00e3o no FIES &#8211; Fundo de Financiamento ao Estudante do Ensino Superior.<\/p>\n","protected":false},"excerpt":{"rendered":"<p>Dupla Sena 793 \u2013 o resultado da Dupla Sena 793, sorteado nesta sexta-feira (11\/09), foi divulgado pelo caminh\u00e3o da sorte que est\u00e1 em Marab\u00e1, Estado do Par\u00e1. Nenhum apostador acertou as seis dezenas do Primeiro e Segundo sorteio e, agora, o pr\u00eamio est\u00e1 acumulado com estimativa de 3,5 milh\u00f5es para o pr\u00f3ximo concurso, que ser\u00e1 [&hellip;]<\/p>\n","protected":false},"author":3,"featured_media":0,"comment_status":"open","ping_status":"open","sticky":false,"template":"","format":"standard","meta":{"tdm_status":"","tdm_grid_status":"","footnotes":""},"categories":[22,360,335],"tags":[],"class_list":{"0":"post-11389","1":"post","2":"type-post","3":"status-publish","4":"format-standard","6":"category-brasil","7":"category-dupla-sena","8":"category-loteria"},"_links":{"self":[{"href":"https:\/\/migracao.redenoticia.com.br\/noticia\/wp-json\/wp\/v2\/posts\/11389","targetHints":{"allow":["GET"]}}],"collection":[{"href":"https:\/\/migracao.redenoticia.com.br\/noticia\/wp-json\/wp\/v2\/posts"}],"about":[{"href":"https:\/\/migracao.redenoticia.com.br\/noticia\/wp-json\/wp\/v2\/types\/post"}],"author":[{"embeddable":true,"href":"https:\/\/migracao.redenoticia.com.br\/noticia\/wp-json\/wp\/v2\/users\/3"}],"replies":[{"embeddable":true,"href":"https:\/\/migracao.redenoticia.com.br\/noticia\/wp-json\/wp\/v2\/comments?post=11389"}],"version-history":[{"count":0,"href":"https:\/\/migracao.redenoticia.com.br\/noticia\/wp-json\/wp\/v2\/posts\/11389\/revisions"}],"wp:attachment":[{"href":"https:\/\/migracao.redenoticia.com.br\/noticia\/wp-json\/wp\/v2\/media?parent=11389"}],"wp:term":[{"taxonomy":"category","embeddable":true,"href":"https:\/\/migracao.redenoticia.com.br\/noticia\/wp-json\/wp\/v2\/categories?post=11389"},{"taxonomy":"post_tag","embeddable":true,"href":"https:\/\/migracao.redenoticia.com.br\/noticia\/wp-json\/wp\/v2\/tags?post=11389"}],"curies":[{"name":"wp","href":"https:\/\/api.w.org\/{rel}","templated":true}]}}