{"id":113893,"date":"2017-05-25T16:42:21","date_gmt":"2017-05-25T19:42:21","guid":{"rendered":"https:\/\/www.redenoticia.com.br\/noticia\/?p=113893"},"modified":"2017-05-26T16:22:35","modified_gmt":"2017-05-26T19:22:35","slug":"novela-ribeirao-do-tempo-resumo-2605-teixeira-mente-para-querencio","status":"publish","type":"post","link":"https:\/\/migracao.redenoticia.com.br\/noticia\/2017\/novela-ribeirao-do-tempo-resumo-2605-teixeira-mente-para-querencio\/113893","title":{"rendered":"Novela \u201cRibeir\u00e3o do Tempo\u201d resumo 26\/05: Clor\u00eds diz a Tito que vai se casar com Flores"},"content":{"rendered":"<p> <img loading=\"lazy\" decoding=\"async\" src=\"https:\/\/migracao.redenoticia.com.br\/noticia\/imagens\/ribeirao_do_tempo_novela_record_resumo-150x112.jpg\" alt=\"\" width=\"150\" height=\"112\" class=\"alignleft size-thumbnail wp-image-108265\" srcset=\"https:\/\/migracao.redenoticia.com.br\/noticia\/imagens\/ribeirao_do_tempo_novela_record_resumo-150x112.jpg 150w, https:\/\/migracao.redenoticia.com.br\/noticia\/imagens\/ribeirao_do_tempo_novela_record_resumo-265x198.jpg 265w\" sizes=\"auto, (max-width: 150px) 100vw, 150px\" \/><strong><em>Novela \u201cRibeir\u00e3o do Tempo\u201d resumo 26\/05<\/em><\/strong>: no capitulo 059 (*) da novela \u201cRibeir\u00e3o do Tempo\u201d, sexta-feira, 26 de maio, L\u00e9ia vai at\u00e9 a casa do professor e diz que quer conversar. Clor\u00eds interrompe a conversa dos dois e Flores apresenta as duas. Teixeira fala para Quer\u00eancio que a \u00fanica pessoa em quem madame Durrel confiava inteiramente era ele e diz que Arminda \u00e9 muito perigosa. Joca entra na boate e observa os tr\u00eas conversando. Flores toma caf\u00e9 com L\u00e9ia e Clor\u00eds. As duas trocam algumas \u201cfarpas\u201d e Flores tenta contornar a situa\u00e7\u00e3o. O professor consegue despach\u00e1-las, fingindo que tem que atender a um telefonema urgente. <\/p>\n<p>L\u00e9ia diz a Sancha que Clor\u00eds n\u00e3o imagina o que vai encontrar pela frente. Clor\u00eds diz a Tito que vai se casar com Flores e vai acabar com quem se meter em seu caminho. Arminda fica desconcertada ao ser informada por Teixeira que est\u00e1 havendo reuni\u00e3o da diretoria na Europa. Arminda diz ao advogado que ele tinha obriga\u00e7\u00e3o de deix\u00e1-la a par da reuni\u00e3o e ressalta que se descobrir que ele andou armando para cima dela ele vai se dar mal.<\/p>\n<p>Fil\u00f3 explica para Ellen que Arminda insistiu para ela e Quer\u00eancio se mudarem para o solar. Ellen aconselha a amiga a tomar cuidado e afirma que Arminda lhe parece uma pessoa perigosa. Quer\u00eancio tenta conversar com a filha, mas acaba dormindo. Joca relata para Arminda que Bruno e Teixeira estavam conversando com Quer\u00eancio na boate. L\u00e9ia chega em casa mal-humorada e Joca fica assustado com a f\u00faria da m\u00e3e. Ari procura Bruno para ajud\u00e1-lo a desfazer o mal-entendido com Quer\u00eancio. Quer\u00eancio conta para Filomena que Teixeira e Bruno disseram que Arminda \u00e9 perigosa. <\/p>\n<p>(*) edi\u00e7\u00e3o da Rede Record, Novela \u201cRibeir\u00e3o do Tempo\u201d, sujeito a altera\u00e7\u00e3o de data e conte\u00fado.<\/p>\n","protected":false},"excerpt":{"rendered":"<p>Novela \u201cRibeir\u00e3o do Tempo\u201d resumo 26\/05: no capitulo 059 (*) da novela \u201cRibeir\u00e3o do Tempo\u201d, sexta-feira, 26 de maio, L\u00e9ia vai at\u00e9 a casa do professor e diz que quer conversar. Clor\u00eds interrompe a conversa dos dois e Flores apresenta as duas. Teixeira fala para Quer\u00eancio que a \u00fanica pessoa em quem madame Durrel confiava [&hellip;]<\/p>\n","protected":false},"author":2,"featured_media":108265,"comment_status":"open","ping_status":"closed","sticky":false,"template":"","format":"standard","meta":{"tdm_status":"","tdm_grid_status":"","footnotes":""},"categories":[379,371,343],"tags":[441],"class_list":{"0":"post-113893","1":"post","2":"type-post","3":"status-publish","4":"format-standard","5":"has-post-thumbnail","7":"category-novelas","8":"category-rede-record","9":"category-televisao","10":"tag-resumo-do-dia"},"_links":{"self":[{"href":"https:\/\/migracao.redenoticia.com.br\/noticia\/wp-json\/wp\/v2\/posts\/113893","targetHints":{"allow":["GET"]}}],"collection":[{"href":"https:\/\/migracao.redenoticia.com.br\/noticia\/wp-json\/wp\/v2\/posts"}],"about":[{"href":"https:\/\/migracao.redenoticia.com.br\/noticia\/wp-json\/wp\/v2\/types\/post"}],"author":[{"embeddable":true,"href":"https:\/\/migracao.redenoticia.com.br\/noticia\/wp-json\/wp\/v2\/users\/2"}],"replies":[{"embeddable":true,"href":"https:\/\/migracao.redenoticia.com.br\/noticia\/wp-json\/wp\/v2\/comments?post=113893"}],"version-history":[{"count":0,"href":"https:\/\/migracao.redenoticia.com.br\/noticia\/wp-json\/wp\/v2\/posts\/113893\/revisions"}],"wp:featuredmedia":[{"embeddable":true,"href":"https:\/\/migracao.redenoticia.com.br\/noticia\/wp-json\/wp\/v2\/media\/108265"}],"wp:attachment":[{"href":"https:\/\/migracao.redenoticia.com.br\/noticia\/wp-json\/wp\/v2\/media?parent=113893"}],"wp:term":[{"taxonomy":"category","embeddable":true,"href":"https:\/\/migracao.redenoticia.com.br\/noticia\/wp-json\/wp\/v2\/categories?post=113893"},{"taxonomy":"post_tag","embeddable":true,"href":"https:\/\/migracao.redenoticia.com.br\/noticia\/wp-json\/wp\/v2\/tags?post=113893"}],"curies":[{"name":"wp","href":"https:\/\/api.w.org\/{rel}","templated":true}]}}