{"id":113938,"date":"2017-05-26T00:06:57","date_gmt":"2017-05-26T03:06:57","guid":{"rendered":"https:\/\/www.redenoticia.com.br\/noticia\/?p=113938"},"modified":"2017-05-25T15:46:14","modified_gmt":"2017-05-25T18:46:14","slug":"campanha-focanotransito-alerta-sobre-uso-de-celular-ao-volante","status":"publish","type":"post","link":"https:\/\/migracao.redenoticia.com.br\/noticia\/2017\/campanha-focanotransito-alerta-sobre-uso-de-celular-ao-volante\/113938","title":{"rendered":"Campanha #FocaNoTr\u00e2nsito alerta sobre uso de celular ao volante"},"content":{"rendered":"<p> Para alertar os motoristas sobre o <strong><em>uso de celular ao volante<\/em><\/strong>, a campanha #FocaNoTr\u00e2nsito est\u00e1 refor\u00e7ando a mensagem de como essa pr\u00e1tica \u00e9 insegura. Isso porque 94% dos acidentes com mortes s\u00e3o causados por falha humana, como imprud\u00eancia e distra\u00e7\u00e3o, de acordo com levantamento do Infosiga SP, banco de dados do Movimento Paulista de Seguran\u00e7a no Tr\u00e2nsito.<\/p>\n<p>O diretor-presidente do Detran.SP, Maxwell Vieira, aconselha a deixar o telefone de lado \u201cna hora de dirigir. Temos que nos conscientizar de que com a mudan\u00e7a de comportamento salvamos vidas\u201d.<\/p>\n<p>A imprud\u00eancia no tr\u00e2nsito \u00e9 global. Estudo de 2015 realizado pelo American Automobile Association Foundation for Traffic Safety aponta que ao usar o celular o motorista fica em m\u00e9dia quatro segundos sem olhar para a via. A uma velocidade de 90 km por hora, esse tempo \u00e9 suficiente para percorrer um espa\u00e7o equivalente a um campo de futebol.<\/p>\n<p>Pr\u00e1tica ilegal<br \/>\nO C\u00f3digo de Tr\u00e2nsito Brasileiro (CTB) permite o uso do dispositivo apenas quando o ve\u00edculo estiver estacionado, com o motor desligado. Est\u00e1 liberado tamb\u00e9m se o telefone for usado na fun\u00e7\u00e3o GPS, desde que esteja fixado no para-brisa ou no painel dianteiro, em suporte adequado.<\/p>\n<p>Multa<br \/>\nA legisla\u00e7\u00e3o federal ainda considera que falar ao celular enquanto dirige \u00e9 infra\u00e7\u00e3o m\u00e9dia, punida com multa de R$ 85,13 e quatro pontos na habilita\u00e7\u00e3o.<\/p>\n<p>J\u00e1 conduzir com apenas uma das m\u00e3os por segurar ou manusear o celular \u00e9 uma infra\u00e7\u00e3o grav\u00edssima, com multa de R$ 293,47 e inser\u00e7\u00e3o de sete pontos no prontu\u00e1rio do motorista.<\/p>\n<p>Em 2016, o total de multas aplicadas por uso de celular no Estado foi de 101.388, soma apenas das infra\u00e7\u00f5es registradas em per\u00edmetro urbano pela Pol\u00edcia Militar em nome do Detran.SP.<\/p>\n<p>#FocanoTr\u00e2nsito<br \/>\nA campanha \u00e9 uma das a\u00e7\u00f5es do movimento mundial Maio Amarelo, que visa alertar a sociedade para o alto \u00edndice de mortes e feridos no tr\u00e2nsito. Segundo a Infosiga SP, ferramenta do Movimento Paulista de Seguran\u00e7a no Tr\u00e2nsito que re\u00fane estat\u00edsticas do setor, 94% dos acidentes com mortes s\u00e3o origin\u00e1rios de falhas humanas, como imprud\u00eancia e distra\u00e7\u00e3o.<\/p>\n<p>Fruto de uma parceria entre o Detran.SP, a Artesp e o Movimento Paulista de Seguran\u00e7a no Tr\u00e2nsito, a campanha envolve iniciativas em diversos munic\u00edpios paulistas usando a hashtag #FocaNotr\u00e2nsito, com imagens de pessoas fantasiadas de focas em v\u00e1rias situa\u00e7\u00f5es no tr\u00e1fego de ruas e avenidas.<\/p>\n<p>Do Portal do Governo SP<\/p>\n","protected":false},"excerpt":{"rendered":"<p>Para alertar os motoristas sobre o uso de celular ao volante, a campanha #FocaNoTr\u00e2nsito est\u00e1 refor\u00e7ando a mensagem de como essa pr\u00e1tica \u00e9 insegura. Isso porque 94% dos acidentes com mortes s\u00e3o causados por falha humana, como imprud\u00eancia e distra\u00e7\u00e3o, de acordo com levantamento do Infosiga SP, banco de dados do Movimento Paulista de Seguran\u00e7a [&hellip;]<\/p>\n","protected":false},"author":2,"featured_media":35207,"comment_status":"open","ping_status":"closed","sticky":false,"template":"","format":"standard","meta":{"tdm_status":"","tdm_grid_status":"","footnotes":""},"categories":[22,5],"tags":[],"class_list":{"0":"post-113938","1":"post","2":"type-post","3":"status-publish","4":"format-standard","5":"has-post-thumbnail","7":"category-brasil","8":"category-saude-e-vida"},"_links":{"self":[{"href":"https:\/\/migracao.redenoticia.com.br\/noticia\/wp-json\/wp\/v2\/posts\/113938","targetHints":{"allow":["GET"]}}],"collection":[{"href":"https:\/\/migracao.redenoticia.com.br\/noticia\/wp-json\/wp\/v2\/posts"}],"about":[{"href":"https:\/\/migracao.redenoticia.com.br\/noticia\/wp-json\/wp\/v2\/types\/post"}],"author":[{"embeddable":true,"href":"https:\/\/migracao.redenoticia.com.br\/noticia\/wp-json\/wp\/v2\/users\/2"}],"replies":[{"embeddable":true,"href":"https:\/\/migracao.redenoticia.com.br\/noticia\/wp-json\/wp\/v2\/comments?post=113938"}],"version-history":[{"count":0,"href":"https:\/\/migracao.redenoticia.com.br\/noticia\/wp-json\/wp\/v2\/posts\/113938\/revisions"}],"wp:featuredmedia":[{"embeddable":true,"href":"https:\/\/migracao.redenoticia.com.br\/noticia\/wp-json\/wp\/v2\/media\/35207"}],"wp:attachment":[{"href":"https:\/\/migracao.redenoticia.com.br\/noticia\/wp-json\/wp\/v2\/media?parent=113938"}],"wp:term":[{"taxonomy":"category","embeddable":true,"href":"https:\/\/migracao.redenoticia.com.br\/noticia\/wp-json\/wp\/v2\/categories?post=113938"},{"taxonomy":"post_tag","embeddable":true,"href":"https:\/\/migracao.redenoticia.com.br\/noticia\/wp-json\/wp\/v2\/tags?post=113938"}],"curies":[{"name":"wp","href":"https:\/\/api.w.org\/{rel}","templated":true}]}}