{"id":113965,"date":"2017-05-27T00:06:08","date_gmt":"2017-05-27T03:06:08","guid":{"rendered":"https:\/\/www.redenoticia.com.br\/noticia\/?p=113965"},"modified":"2017-05-29T20:09:51","modified_gmt":"2017-05-29T23:09:51","slug":"novela-a-escrava-isaura-resumo-2905-alvaro-continua-com-febre","status":"publish","type":"post","link":"https:\/\/migracao.redenoticia.com.br\/noticia\/2017\/novela-a-escrava-isaura-resumo-2905-alvaro-continua-com-febre\/113965","title":{"rendered":"Novela \u201cA Escrava Isaura\u201d resumo 29\/05: \u00c1lvaro continua com febre"},"content":{"rendered":"<p><img loading=\"lazy\" decoding=\"async\" class=\"alignleft size-thumbnail wp-image-103446\" src=\"https:\/\/migracao.redenoticia.com.br\/noticia\/imagens\/a_escrava_isaura_record_novela_resumo-150x112.jpg\" alt=\"\" width=\"150\" height=\"112\" srcset=\"https:\/\/migracao.redenoticia.com.br\/noticia\/imagens\/a_escrava_isaura_record_novela_resumo-150x112.jpg 150w, https:\/\/migracao.redenoticia.com.br\/noticia\/imagens\/a_escrava_isaura_record_novela_resumo-265x198.jpg 265w\" sizes=\"auto, (max-width: 150px) 100vw, 150px\" \/><strong><em>Novela \u201cA Escrava Isaura\u201d resumo 29\/05<\/em><\/strong>: no capitulo 101 (*) da novela \u201cA Escrava Isaura\u201d, segunda-feira, 29 de maio, Isaura veste o vestido que a Condessa lhe enviou. Rosa conhece Aurora. Miguel preocupa-se com a fuga de Isaura. \u00c1lvaro monta uma cabana para ele e Isaura. \u00c1lvaro continua com febre. Cel. Sebasti\u00e3o conta a Rosa que Isaura foi raptada por \u00c1lvaro antes de se casar. Belchior oferece muito dinheiro para ter uma noite com uma florzinha do bordel, mas nenhuma aceita. Pedrinho entorna limonada na roupa de Branca que logo o amea\u00e7a. Rosa n\u00e3o sabe se pode confiar em Aurora. Le\u00f4ncio quer Isaura de volta custe o que custar. Tom\u00e1sia tenta diminuir a preocupa\u00e7\u00e3o de Miguel com a sua filha. Rosa \u00e9 mandada para a cozinha enquanto o Cel. Sebasti\u00e3o e Aurora jantam. Malvina e Le\u00f4ncio discutem por causa de Isaura. Belchior \u00e9 ca\u00e7ado e amea\u00e7a os capangas com uma faca. \u00c1lvaro tem medo de morrer.<\/p>\n<p>(*) edi\u00e7\u00e3o da Rede Record, Novela \u201cA Escrava Isaura\u201d, sujeito a altera\u00e7\u00e3o de data e conte\u00fado.<\/p>\n<p>A Escrava Isaura \u00e9 uma telenovela brasileira produzida pela Rede Record de Televis\u00e3o e exibida entre 18 de outubro de 2004 e 29 de abril de 2005, totalizando 167 cap\u00edtulos, 27 a mais que o originalmente previsto. Escrita por Tiago Santiago, Anamaria Nunes com colabora\u00e7\u00e3o de Altenir Silva e dirigida por Herval Rossano, F\u00e1bio Junqueira, Em\u00edlio Di Biasi e Fl\u00e1vio Colatrello Jr., \u00e9 inspirada no romance hom\u00f4nimo de 1875, escrito por Bernardo Guimar\u00e3es. A obra foi um sucesso logo ap\u00f3s ser publicada, em parte pelo apelo feminino em raz\u00e3o do sentimentalismo do enredo. O livro toca em pontos abolicionistas, que eram controversos na \u00e9poca e \u00e9 considerado um marco na literatura abolicionista brasileira.<\/p>\n","protected":false},"excerpt":{"rendered":"<p>Novela \u201cA Escrava Isaura\u201d resumo 29\/05: no capitulo 101 (*) da novela \u201cA Escrava Isaura\u201d, segunda-feira, 29 de maio, Isaura veste o vestido que a Condessa lhe enviou. Rosa conhece Aurora. Miguel preocupa-se com a fuga de Isaura. \u00c1lvaro monta uma cabana para ele e Isaura. \u00c1lvaro continua com febre. Cel. Sebasti\u00e3o conta a Rosa [&hellip;]<\/p>\n","protected":false},"author":2,"featured_media":103446,"comment_status":"open","ping_status":"closed","sticky":false,"template":"","format":"standard","meta":{"tdm_status":"","tdm_grid_status":"","footnotes":""},"categories":[379,371,343],"tags":[441],"class_list":{"0":"post-113965","1":"post","2":"type-post","3":"status-publish","4":"format-standard","5":"has-post-thumbnail","7":"category-novelas","8":"category-rede-record","9":"category-televisao","10":"tag-resumo-do-dia"},"_links":{"self":[{"href":"https:\/\/migracao.redenoticia.com.br\/noticia\/wp-json\/wp\/v2\/posts\/113965","targetHints":{"allow":["GET"]}}],"collection":[{"href":"https:\/\/migracao.redenoticia.com.br\/noticia\/wp-json\/wp\/v2\/posts"}],"about":[{"href":"https:\/\/migracao.redenoticia.com.br\/noticia\/wp-json\/wp\/v2\/types\/post"}],"author":[{"embeddable":true,"href":"https:\/\/migracao.redenoticia.com.br\/noticia\/wp-json\/wp\/v2\/users\/2"}],"replies":[{"embeddable":true,"href":"https:\/\/migracao.redenoticia.com.br\/noticia\/wp-json\/wp\/v2\/comments?post=113965"}],"version-history":[{"count":0,"href":"https:\/\/migracao.redenoticia.com.br\/noticia\/wp-json\/wp\/v2\/posts\/113965\/revisions"}],"wp:featuredmedia":[{"embeddable":true,"href":"https:\/\/migracao.redenoticia.com.br\/noticia\/wp-json\/wp\/v2\/media\/103446"}],"wp:attachment":[{"href":"https:\/\/migracao.redenoticia.com.br\/noticia\/wp-json\/wp\/v2\/media?parent=113965"}],"wp:term":[{"taxonomy":"category","embeddable":true,"href":"https:\/\/migracao.redenoticia.com.br\/noticia\/wp-json\/wp\/v2\/categories?post=113965"},{"taxonomy":"post_tag","embeddable":true,"href":"https:\/\/migracao.redenoticia.com.br\/noticia\/wp-json\/wp\/v2\/tags?post=113965"}],"curies":[{"name":"wp","href":"https:\/\/api.w.org\/{rel}","templated":true}]}}