{"id":113982,"date":"2017-05-25T16:25:14","date_gmt":"2017-05-25T19:25:14","guid":{"rendered":"https:\/\/www.redenoticia.com.br\/noticia\/?p=113982"},"modified":"2017-05-25T16:25:14","modified_gmt":"2017-05-25T19:25:14","slug":"resumo-novela-carinha-de-anjo-2605-estefania-desiste-do-casamento","status":"publish","type":"post","link":"https:\/\/migracao.redenoticia.com.br\/noticia\/2017\/resumo-novela-carinha-de-anjo-2605-estefania-desiste-do-casamento\/113982","title":{"rendered":"Resumo novela \u201cCarinha de Anjo\u201d 26\/05: Estef\u00e2nia desiste do casamento"},"content":{"rendered":"<p><img loading=\"lazy\" decoding=\"async\" class=\"alignleft size-thumbnail wp-image-99331\" src=\"https:\/\/migracao.redenoticia.com.br\/noticia\/imagens\/carinha_de_anjo_sbt_novela_resumo_capitulo-150x112.jpg\" alt=\"carinha_de_anjo_sbt_novela_resumo_capitulo\" width=\"150\" height=\"112\" srcset=\"https:\/\/migracao.redenoticia.com.br\/noticia\/imagens\/carinha_de_anjo_sbt_novela_resumo_capitulo-150x112.jpg 150w, https:\/\/migracao.redenoticia.com.br\/noticia\/imagens\/carinha_de_anjo_sbt_novela_resumo_capitulo-265x198.jpg 265w\" sizes=\"auto, (max-width: 150px) 100vw, 150px\" \/><strong><em>Resumo novela \u201cCarinha de Anjo\u201d 26\/05<\/em><\/strong>: no cap\u00edtulo 135(*) da novela \u201cCarinha de Anjo\u201d, resumo de sexta-feira, 26 de maio, Gustavo conta para Dulce Maria que houve uma mudan\u00e7a de planos e que a carinha de anjo n\u00e3o vai mais provar o vestido com Estef\u00e2nia, mas sim lhe acompanhar no escrit\u00f3rio. Ver\u00f4nica d\u00e1 flores para Silvana e diz estar feliz que tudo deu certo em rela\u00e7\u00e3o ao contrato e tamb\u00e9m por acreditar que Nicole percebeu que ela n\u00e3o tem interesse no empres\u00e1rio. Vitor vai at\u00e9 a empresa e espera Gustavo na sala dele para conversar sobre o ocorrido com Estef\u00e2nia. Gustavo diz que Vitor precisa conversar com Estef\u00e2nia, pois ela est\u00e1 abalada com tudo. Estef\u00e2nia conta para Dulce Maria que n\u00e3o haver\u00e1 mais casamento. Juju chora por n\u00e3o conseguir falar com Zeca. Solange n\u00e3o deixa Vitor se abater e diz para ele reagir e n\u00e3o desistir de seu grande amor por conta de Selene. Vitor se anima e agradece a Solange.<\/p>\n<p>(*) edi\u00e7\u00e3o do SBT, Novela \u201cCarinha de Anjo\u201d, sujeito a altera\u00e7\u00e3o de data e conte\u00fado.<\/p>\n<p>Carinha de Anjo \u00e9 uma telenovela brasileira produzida e exibida originalmente pelo SBT desde o dia 21 de novembro de 2016, substituindo o hor\u00e1rio anteriormente ocupado por C\u00famplices de um Resgate. A telenovela \u00e9 inspirada na mexicana Carita de \u00e1ngel, que, por sua vez, \u00e9 um remake de Mundo de juguete, ambas produzidas pela Televisa e que haviam sido baseadas na trama argentina escrita por Abel Santa Cruz, Pap\u00e1 coraz\u00f3n. Esta ser\u00e1 a segunda adapta\u00e7\u00e3o brasileira da obra original argentina, visto que a Rede Tupi apresentou em 1976 a sua primeira vers\u00e3o, chamada de Papai Cora\u00e7\u00e3o. A nova vers\u00e3o \u00e9 escrita por Leonor Corr\u00eaa, com supervis\u00e3o de \u00cdris Abravanel e dire\u00e7\u00e3o geral de Ricardo Mantoanelli. A trama conta com Lorena Queiroz, Bia Arantes, Carlo Porto, Priscila Sol, Dani Gondim, Karin Hils, Eliana Guttman e Lucero nos pap\u00e9is principais.<\/p>\n","protected":false},"excerpt":{"rendered":"<p>Resumo novela \u201cCarinha de Anjo\u201d 26\/05: no cap\u00edtulo 135(*) da novela \u201cCarinha de Anjo\u201d, resumo de sexta-feira, 26 de maio, Gustavo conta para Dulce Maria que houve uma mudan\u00e7a de planos e que a carinha de anjo n\u00e3o vai mais provar o vestido com Estef\u00e2nia, mas sim lhe acompanhar no escrit\u00f3rio. Ver\u00f4nica d\u00e1 flores para [&hellip;]<\/p>\n","protected":false},"author":4,"featured_media":99331,"comment_status":"open","ping_status":"closed","sticky":false,"template":"","format":"standard","meta":{"tdm_status":"","tdm_grid_status":"","footnotes":""},"categories":[452,379,372,343],"tags":[441],"class_list":{"0":"post-113982","1":"post","2":"type-post","3":"status-publish","4":"format-standard","5":"has-post-thumbnail","7":"category-carinha-de-anjo","8":"category-novelas","9":"category-sbt","10":"category-televisao","11":"tag-resumo-do-dia"},"_links":{"self":[{"href":"https:\/\/migracao.redenoticia.com.br\/noticia\/wp-json\/wp\/v2\/posts\/113982","targetHints":{"allow":["GET"]}}],"collection":[{"href":"https:\/\/migracao.redenoticia.com.br\/noticia\/wp-json\/wp\/v2\/posts"}],"about":[{"href":"https:\/\/migracao.redenoticia.com.br\/noticia\/wp-json\/wp\/v2\/types\/post"}],"author":[{"embeddable":true,"href":"https:\/\/migracao.redenoticia.com.br\/noticia\/wp-json\/wp\/v2\/users\/4"}],"replies":[{"embeddable":true,"href":"https:\/\/migracao.redenoticia.com.br\/noticia\/wp-json\/wp\/v2\/comments?post=113982"}],"version-history":[{"count":0,"href":"https:\/\/migracao.redenoticia.com.br\/noticia\/wp-json\/wp\/v2\/posts\/113982\/revisions"}],"wp:featuredmedia":[{"embeddable":true,"href":"https:\/\/migracao.redenoticia.com.br\/noticia\/wp-json\/wp\/v2\/media\/99331"}],"wp:attachment":[{"href":"https:\/\/migracao.redenoticia.com.br\/noticia\/wp-json\/wp\/v2\/media?parent=113982"}],"wp:term":[{"taxonomy":"category","embeddable":true,"href":"https:\/\/migracao.redenoticia.com.br\/noticia\/wp-json\/wp\/v2\/categories?post=113982"},{"taxonomy":"post_tag","embeddable":true,"href":"https:\/\/migracao.redenoticia.com.br\/noticia\/wp-json\/wp\/v2\/tags?post=113982"}],"curies":[{"name":"wp","href":"https:\/\/api.w.org\/{rel}","templated":true}]}}