{"id":113984,"date":"2017-05-25T16:26:23","date_gmt":"2017-05-25T19:26:23","guid":{"rendered":"https:\/\/www.redenoticia.com.br\/noticia\/?p=113984"},"modified":"2017-05-25T16:26:23","modified_gmt":"2017-05-25T19:26:23","slug":"resumo-novela-chiquititas-2605-carmem-descobre-sobre-o-tesouro","status":"publish","type":"post","link":"https:\/\/migracao.redenoticia.com.br\/noticia\/2017\/resumo-novela-chiquititas-2605-carmem-descobre-sobre-o-tesouro\/113984","title":{"rendered":"Resumo novela \u201cChiquititas\u201d 26\/05: Carmem descobre sobre o tesouro"},"content":{"rendered":"<p><img loading=\"lazy\" decoding=\"async\" class=\"alignleft size-thumbnail wp-image-49690\" src=\"https:\/\/migracao.redenoticia.com.br\/noticia\/imagens\/chiquititas1-150x112.jpg\" alt=\"chiquititas\" width=\"150\" height=\"112\" \/><strong><em>Resumo novela \u201cChiquititas\u201d 26\/05<\/em><\/strong>: no cap\u00edtulo 184(*) da novela \u201cChiquititas\u201d, resumo de sexta-feira, 26 de maio, Tobias, que est\u00e1 como Tom\u00e1s Ferraz, se re\u00fane com um novo empres\u00e1rio. O homem diz que Tom\u00e1s precisa mudar o visual para se adaptar ao gosto do p\u00fablico brasileiro. O empres\u00e1rio diz ainda que Tobias precisa mudar o estilo musical e adotar a linha funk ostenta\u00e7\u00e3o, pagode, tecnobrega ou at\u00e9 sertanejo universit\u00e1rio. Tom\u00e1s se imagina em todas essas situa\u00e7\u00f5es, mas n\u00e3o gosta de nenhuma. Carmen chama Armando at\u00e9 o Caf\u00e9 Boutique, diz que sabe que ele est\u00e1 com Cintia e que est\u00e3o armando algo pelas costas de Jos\u00e9 Ricardo. Carmen amea\u00e7a Armando e diz que \u00e9 melhor ele colaborar antes que ela conte tudo. Armando revela que existe um tesouro valioso escondido h\u00e1 anos no orfanato e eles est\u00e3o tentando descobrir o que \u00e9. No acampamento de f\u00e9rias, todas as equipes chegam ao ponto final e se reencontram. Carmen vai at\u00e9 o orfanato e diz para Matilde que j\u00e1 sabe de tudo. Cintia e Armando est\u00e3o tentando derrubar a parede no t\u00fanel. Matilde chega com Carmen, que diz que o tempo todo estava observando Cintia. A l\u00edder do acampamento de f\u00e9rias, Barbara, parabeniza todos. Ela revela que os lenhadores eram falsos bandidos e que estavam apenas cuidando das crian\u00e7as para que elas n\u00e3o ficassem sozinhas na mata. Barbara avisa que eles tamb\u00e9m s\u00e3o monitores e que o objetivo da prova era incentivar o trabalho em equipe. Ela tamb\u00e9m revela que tudo o que vir\u00e3o pelo caminho, inclusive os animais presos, era tudo encena\u00e7\u00e3o para saber como as chiquititas reagiriam com situa\u00e7\u00f5es inesperadas. Carmen avisa que 50% do tesouro \u00e9 dela e que o restante eles dever\u00e3o dividir entre eles, caso contr\u00e1rio contar\u00e1 tudo para Jos\u00e9 Ricardo. Armando volta a quebrar a parede que encobre a passagem no t\u00fanel. Miguel espia. Carol se arruma e sai para jantar com Fernando. Beto fica nervoso, pois todo seu dinheiro desapareceu de sua conta. No acampamento, as chiquititas ganham um luau. Armando consegue finalmente derrubar a parede. Os quatro encontram um ba\u00fa fechado, mas estranham a leveza. Matilde pede para ver o ba\u00fa. A mulher sai correndo para tentar fugir com o tesouro, mas \u00e9 alcan\u00e7ada por Armando. O ba\u00fa se abre e revela estar cheio de pinturas. Come\u00e7a uma discuss\u00e3o, pois ningu\u00e9m sabe se as pinturas s\u00e3o ou n\u00e3o valiosas.<\/p>\n<p>(*) edi\u00e7\u00e3o do SBT, Novela \u201cChiquititas\u201d, sujeito a altera\u00e7\u00e3o de data e conte\u00fado.<\/p>\n<p>Chiquititas gira em torno do orfanato Raio de Luz, que carrega em sua hist\u00f3ria um grande segredo envolvendo a fam\u00edlia e o dono do orfanato, Dr. Jos\u00e9 Ricardo Almeida Campos. Em um per\u00edodo anterior \u00e0 novela, exatos treze anos, sua filha Gabriela se apaixonou e ficou gr\u00e1vida de Miguel, filho de Valentina, empregada da casa dos Almeida Campos. Pouco depois, Jos\u00e9 Ricardo sequestrou sua neta, pois, como um homem conservador, ele n\u00e3o aceitava a ideia de que sua filha se envolvesse com um empregado. Como sua neta, Milena, apelidada como Mili, precisava de um lugar para morar, ele comprou um casar\u00e3o e fundou um orfanato, o Raio de Luz. Mili cresceu l\u00e1 com outras garotas que chegaram posteriormente: Bia, Ana, as irm\u00e3s Tati e Vivi, e Cris. Ao decorrer dos anos, elas se tornam uma fam\u00edlia. Elas s\u00e3o supervisionadas por Ernestina, zeladora do orfanato, e Chico, o cozinheiro amado pelas internas. Sofia, ex-governanta da fam\u00edlia Almeida Campos, \u00e9 a diretora do lugar, at\u00e9 que Carmem, irm\u00e3 de Jos\u00e9 Ricardo, entre em seu lugar. Chegam ainda mais \u00f3rf\u00e3os: Pata, Mosca, Binho e Rafa, que viviam nas ruas antes de entrarem na institui\u00e7\u00e3o. Pata e Mili tornam-se amigas rapidamente, enquanto Mosca, Binho e Rafa s\u00e3o os primeiros garotos a entrar no abrigo. As crian\u00e7as sem-teto foram ajudadas por uma doce e bela garota que tocam e mudam a vida delas, assim como as das garotas \u00f3rf\u00e3s.<\/p>\n","protected":false},"excerpt":{"rendered":"<p>Resumo novela \u201cChiquititas\u201d 26\/05: no cap\u00edtulo 184(*) da novela \u201cChiquititas\u201d, resumo de sexta-feira, 26 de maio, Tobias, que est\u00e1 como Tom\u00e1s Ferraz, se re\u00fane com um novo empres\u00e1rio. O homem diz que Tom\u00e1s precisa mudar o visual para se adaptar ao gosto do p\u00fablico brasileiro. O empres\u00e1rio diz ainda que Tobias precisa mudar o estilo [&hellip;]<\/p>\n","protected":false},"author":4,"featured_media":49690,"comment_status":"open","ping_status":"closed","sticky":false,"template":"","format":"standard","meta":{"tdm_status":"","tdm_grid_status":"","footnotes":""},"categories":[409,379,372,343],"tags":[441],"class_list":{"0":"post-113984","1":"post","2":"type-post","3":"status-publish","4":"format-standard","5":"has-post-thumbnail","7":"category-chiquititas","8":"category-novelas","9":"category-sbt","10":"category-televisao","11":"tag-resumo-do-dia"},"_links":{"self":[{"href":"https:\/\/migracao.redenoticia.com.br\/noticia\/wp-json\/wp\/v2\/posts\/113984","targetHints":{"allow":["GET"]}}],"collection":[{"href":"https:\/\/migracao.redenoticia.com.br\/noticia\/wp-json\/wp\/v2\/posts"}],"about":[{"href":"https:\/\/migracao.redenoticia.com.br\/noticia\/wp-json\/wp\/v2\/types\/post"}],"author":[{"embeddable":true,"href":"https:\/\/migracao.redenoticia.com.br\/noticia\/wp-json\/wp\/v2\/users\/4"}],"replies":[{"embeddable":true,"href":"https:\/\/migracao.redenoticia.com.br\/noticia\/wp-json\/wp\/v2\/comments?post=113984"}],"version-history":[{"count":0,"href":"https:\/\/migracao.redenoticia.com.br\/noticia\/wp-json\/wp\/v2\/posts\/113984\/revisions"}],"wp:featuredmedia":[{"embeddable":true,"href":"https:\/\/migracao.redenoticia.com.br\/noticia\/wp-json\/wp\/v2\/media\/49690"}],"wp:attachment":[{"href":"https:\/\/migracao.redenoticia.com.br\/noticia\/wp-json\/wp\/v2\/media?parent=113984"}],"wp:term":[{"taxonomy":"category","embeddable":true,"href":"https:\/\/migracao.redenoticia.com.br\/noticia\/wp-json\/wp\/v2\/categories?post=113984"},{"taxonomy":"post_tag","embeddable":true,"href":"https:\/\/migracao.redenoticia.com.br\/noticia\/wp-json\/wp\/v2\/tags?post=113984"}],"curies":[{"name":"wp","href":"https:\/\/api.w.org\/{rel}","templated":true}]}}