{"id":113990,"date":"2017-05-25T16:29:25","date_gmt":"2017-05-25T19:29:25","guid":{"rendered":"https:\/\/www.redenoticia.com.br\/noticia\/?p=113990"},"modified":"2017-05-25T16:29:25","modified_gmt":"2017-05-25T19:29:25","slug":"resumo-novela-novo-mundo-2605-domitila-vai-a-casa-de-thomas","status":"publish","type":"post","link":"https:\/\/migracao.redenoticia.com.br\/noticia\/2017\/resumo-novela-novo-mundo-2605-domitila-vai-a-casa-de-thomas\/113990","title":{"rendered":"Resumo novela \u201cNovo Mundo\u201d 26\/05: Domitila vai \u00e0 casa de Thomas"},"content":{"rendered":"<p><img loading=\"lazy\" decoding=\"async\" class=\"alignleft size-thumbnail wp-image-107950\" src=\"https:\/\/migracao.redenoticia.com.br\/noticia\/imagens\/novo_mundo_novela_resumo_globo-150x112.jpg\" alt=\"\" width=\"150\" height=\"112\" srcset=\"https:\/\/migracao.redenoticia.com.br\/noticia\/imagens\/novo_mundo_novela_resumo_globo-150x112.jpg 150w, https:\/\/migracao.redenoticia.com.br\/noticia\/imagens\/novo_mundo_novela_resumo_globo-265x198.jpg 265w\" sizes=\"auto, (max-width: 150px) 100vw, 150px\" \/><strong><em>Resumo novela \u201cNovo Mundo\u201d 26\/05<\/em><\/strong>: no cap\u00edtulo 057(*) da novela \u201cNovo Mundo\u201d, resumo de sexta-feira, 26 de maio, Dom Pedro se enfurece com a recusa de Jos\u00e9 Bonif\u00e1cio. Leopoldina sente uma forte dor na barriga e todos se preocupam. Elvira invade a cozinha do pal\u00e1cio. Joaquim tenta convencer Jos\u00e9 Bonif\u00e1cio a aceitar o pedido de Dom Pedro. Anna estranha o comportamento de Thomas. Piat\u00e3 n\u00e3o consegue falar a verdade para Ubirajara. Padre Olinto aconselha Ferdinando. Liu ajuda Anna a escrever. Jos\u00e9 Bonif\u00e1cio pede para conversar com Dom Pedro. Am\u00e1lia tem um surto e ataca Peter. Madre Assun\u00e7\u00e3o pro\u00edbe Peter de continuar tratando Am\u00e1lia. Jos\u00e9 Bonif\u00e1cio imp\u00f5e uma condi\u00e7\u00e3o a Dom Pedro para aceitar o cargo de Ministro. Domitila vai \u00e0 casa de Thomas. Francisco avisa a Dom Pedro que sua irm\u00e3 vai embora, e o pr\u00edncipe corre atr\u00e1s de Domitila.<\/p>\n<p>(*) edi\u00e7\u00e3o da Rede Globo, Novela \u201cNovo Mundo\u201d, sujeito a altera\u00e7\u00e3o de data e conte\u00fado.<\/p>\n<p>Novo Mundo \u00e9 uma telenovela brasileira produzida pela Rede Globo. Escrita por Thereza Falc\u00e3o e Alessandro Marson, conta com dire\u00e7\u00e3o art\u00edstica de Vin\u00edcius Coimbra. Conta com as participa\u00e7\u00f5es de Isabelle Drummond, Chay Suede, Caio Castro, Let\u00edcia Colin, Leo Jaime, D\u00e9bora Olivieri, Rodrigo Simas, Giullia Buscacio, Vivianne Pasmanter, Guilherme Piva, R\u00f4mulo Estrela, Agatha Moreira, Luisa Micheletti, Gabriel Braga Nunes, e Ingrid Guimar\u00e3es.<\/p>\n","protected":false},"excerpt":{"rendered":"<p>Resumo novela \u201cNovo Mundo\u201d 26\/05: no cap\u00edtulo 057(*) da novela \u201cNovo Mundo\u201d, resumo de sexta-feira, 26 de maio, Dom Pedro se enfurece com a recusa de Jos\u00e9 Bonif\u00e1cio. Leopoldina sente uma forte dor na barriga e todos se preocupam. Elvira invade a cozinha do pal\u00e1cio. Joaquim tenta convencer Jos\u00e9 Bonif\u00e1cio a aceitar o pedido de [&hellip;]<\/p>\n","protected":false},"author":4,"featured_media":107950,"comment_status":"open","ping_status":"closed","sticky":false,"template":"","format":"standard","meta":{"tdm_status":"","tdm_grid_status":"","footnotes":""},"categories":[379,375,343],"tags":[441],"class_list":{"0":"post-113990","1":"post","2":"type-post","3":"status-publish","4":"format-standard","5":"has-post-thumbnail","7":"category-novelas","8":"category-rede-globo","9":"category-televisao","10":"tag-resumo-do-dia"},"_links":{"self":[{"href":"https:\/\/migracao.redenoticia.com.br\/noticia\/wp-json\/wp\/v2\/posts\/113990","targetHints":{"allow":["GET"]}}],"collection":[{"href":"https:\/\/migracao.redenoticia.com.br\/noticia\/wp-json\/wp\/v2\/posts"}],"about":[{"href":"https:\/\/migracao.redenoticia.com.br\/noticia\/wp-json\/wp\/v2\/types\/post"}],"author":[{"embeddable":true,"href":"https:\/\/migracao.redenoticia.com.br\/noticia\/wp-json\/wp\/v2\/users\/4"}],"replies":[{"embeddable":true,"href":"https:\/\/migracao.redenoticia.com.br\/noticia\/wp-json\/wp\/v2\/comments?post=113990"}],"version-history":[{"count":0,"href":"https:\/\/migracao.redenoticia.com.br\/noticia\/wp-json\/wp\/v2\/posts\/113990\/revisions"}],"wp:featuredmedia":[{"embeddable":true,"href":"https:\/\/migracao.redenoticia.com.br\/noticia\/wp-json\/wp\/v2\/media\/107950"}],"wp:attachment":[{"href":"https:\/\/migracao.redenoticia.com.br\/noticia\/wp-json\/wp\/v2\/media?parent=113990"}],"wp:term":[{"taxonomy":"category","embeddable":true,"href":"https:\/\/migracao.redenoticia.com.br\/noticia\/wp-json\/wp\/v2\/categories?post=113990"},{"taxonomy":"post_tag","embeddable":true,"href":"https:\/\/migracao.redenoticia.com.br\/noticia\/wp-json\/wp\/v2\/tags?post=113990"}],"curies":[{"name":"wp","href":"https:\/\/api.w.org\/{rel}","templated":true}]}}