{"id":114025,"date":"2017-05-29T00:04:43","date_gmt":"2017-05-29T03:04:43","guid":{"rendered":"https:\/\/www.redenoticia.com.br\/noticia\/?p=114025"},"modified":"2017-05-28T19:16:14","modified_gmt":"2017-05-28T22:16:14","slug":"unicamp-realiza-nova-edicao-do-fisica-nas-ferias","status":"publish","type":"post","link":"https:\/\/migracao.redenoticia.com.br\/noticia\/2017\/unicamp-realiza-nova-edicao-do-fisica-nas-ferias\/114025","title":{"rendered":"Unicamp realiza nova edi\u00e7\u00e3o do F\u00edsica nas F\u00e9rias"},"content":{"rendered":"<p> Ag\u00eancia FAPESP \u2013 O <strong><em>F\u00edsica nas F\u00e9rias<\/em><\/strong> (FIFE) era organizado anualmente pelo grupo de estudantes da Unicamp na Optical Society of America (OSA-SCU) que visava a divulga\u00e7\u00e3o do m\u00e9todo cient\u00edfico e conceitos de f\u00edsica moderna para estudantes do ensino m\u00e9dio. Agora, sua edi\u00e7\u00e3o \u00e9 realizada pela Coordenadoria de Extens\u00e3o do Instituto de F\u00edsica Gleb Wataghin (IFGW), com o apoio da diretoria do instituto e de alunos de p\u00f3s-gradua\u00e7\u00e3o e gradua\u00e7\u00e3o. Muitos desses alunos foram participantes em eventos FIFE anteriores.<\/p>\n<p>Durante o evento, de 3 a 7 de julho de 2017, os alunos, divididos em grupos, participar\u00e3o de aulas te\u00f3ricas e experimentos (nos laborat\u00f3rios de ensino do IFGW) sobre algum dos problemas propostos pela comiss\u00e3o organizadora.<\/p>\n<p>Todos eles envolvem conceitos de f\u00edsica moderna que n\u00e3o s\u00e3o comumente abordados no ensino m\u00e9dio. Al\u00e9m do contato com esses conceitos, o aluno tem uma introdu\u00e7\u00e3o \u00e0 an\u00e1lise e ao tratamento de dados experimentais.<\/p>\n<p>Inscri\u00e7\u00f5es ser\u00e3o recebidas at\u00e9 10 de junho de 2017.<\/p>\n<p>Inscri\u00e7\u00f5es e mais informa\u00e7\u00f5es:  e (16) 3373-8163<\/p>\n","protected":false},"excerpt":{"rendered":"<p>Ag\u00eancia FAPESP \u2013 O F\u00edsica nas F\u00e9rias (FIFE) era organizado anualmente pelo grupo de estudantes da Unicamp na Optical Society of America (OSA-SCU) que visava a divulga\u00e7\u00e3o do m\u00e9todo cient\u00edfico e conceitos de f\u00edsica moderna para estudantes do ensino m\u00e9dio. Agora, sua edi\u00e7\u00e3o \u00e9 realizada pela Coordenadoria de Extens\u00e3o do Instituto de F\u00edsica Gleb Wataghin [&hellip;]<\/p>\n","protected":false},"author":2,"featured_media":36246,"comment_status":"open","ping_status":"closed","sticky":false,"template":"","format":"standard","meta":{"tdm_status":"","tdm_grid_status":"","footnotes":""},"categories":[22,370,353],"tags":[],"class_list":{"0":"post-114025","1":"post","2":"type-post","3":"status-publish","4":"format-standard","5":"has-post-thumbnail","7":"category-brasil","8":"category-inscricao","9":"category-oportunidades"},"_links":{"self":[{"href":"https:\/\/migracao.redenoticia.com.br\/noticia\/wp-json\/wp\/v2\/posts\/114025","targetHints":{"allow":["GET"]}}],"collection":[{"href":"https:\/\/migracao.redenoticia.com.br\/noticia\/wp-json\/wp\/v2\/posts"}],"about":[{"href":"https:\/\/migracao.redenoticia.com.br\/noticia\/wp-json\/wp\/v2\/types\/post"}],"author":[{"embeddable":true,"href":"https:\/\/migracao.redenoticia.com.br\/noticia\/wp-json\/wp\/v2\/users\/2"}],"replies":[{"embeddable":true,"href":"https:\/\/migracao.redenoticia.com.br\/noticia\/wp-json\/wp\/v2\/comments?post=114025"}],"version-history":[{"count":0,"href":"https:\/\/migracao.redenoticia.com.br\/noticia\/wp-json\/wp\/v2\/posts\/114025\/revisions"}],"wp:featuredmedia":[{"embeddable":true,"href":"https:\/\/migracao.redenoticia.com.br\/noticia\/wp-json\/wp\/v2\/media\/36246"}],"wp:attachment":[{"href":"https:\/\/migracao.redenoticia.com.br\/noticia\/wp-json\/wp\/v2\/media?parent=114025"}],"wp:term":[{"taxonomy":"category","embeddable":true,"href":"https:\/\/migracao.redenoticia.com.br\/noticia\/wp-json\/wp\/v2\/categories?post=114025"},{"taxonomy":"post_tag","embeddable":true,"href":"https:\/\/migracao.redenoticia.com.br\/noticia\/wp-json\/wp\/v2\/tags?post=114025"}],"curies":[{"name":"wp","href":"https:\/\/api.w.org\/{rel}","templated":true}]}}