{"id":11404,"date":"2009-09-12T10:08:07","date_gmt":"2009-09-12T14:08:07","guid":{"rendered":"http:\/\/www.redenoticia.com.br\/noticia\/?p=11404"},"modified":"2009-11-08T19:28:21","modified_gmt":"2009-11-08T23:28:21","slug":"luz-da-lua-de-cara-nova-marca-brasileira-para-mulheres-brasileiras","status":"publish","type":"post","link":"https:\/\/migracao.redenoticia.com.br\/noticia\/2009\/luz-da-lua-de-cara-nova-marca-brasileira-para-mulheres-brasileiras\/11404","title":{"rendered":"Luz da Lua de cara nova &#8211; marca brasileira para mulheres brasileiras"},"content":{"rendered":"<p><a href=\"https:\/\/migracao.redenoticia.com.br\/noticia\/imagens\/\/luz1.jpg\"><img loading=\"lazy\" decoding=\"async\" class=\"alignleft size-full wp-image-11405\" title=\"luz\" src=\"https:\/\/migracao.redenoticia.com.br\/noticia\/imagens\/\/luz1.jpg\" alt=\"luz\" width=\"150\" height=\"113\" srcset=\"https:\/\/migracao.redenoticia.com.br\/noticia\/imagens\/luz1.jpg 150w, https:\/\/migracao.redenoticia.com.br\/noticia\/imagens\/luz1-148x112.jpg 148w\" sizes=\"auto, (max-width: 150px) 100vw, 150px\" \/><\/a>A Luz da Lua, desde o in\u00edcio, faz um grande e constante esfor\u00e7o de comunica\u00e7\u00e3o para fortalecimento da marca, diferenciando e conceituando-a como marca de acess\u00f3rio de moda. O novo rosto para as pr\u00f3ximas campanhas \u00e9 de <strong>Camila Pitanga<\/strong>, estrela de primeira grandeza em filmes e novelas. Al\u00e9m do grande sucesso e empatia que Camila tem entre o p\u00fablico feminino, a escolha da atriz se justifica pelas suas caracter\u00edsticas, bem pr\u00f3prias do nosso pa\u00eds, de beleza e mistura \u00e9tnica.<\/p>\n<p>Tudo para refor\u00e7ar a id\u00e9ia de que Luz da Lua \u00e9 uma marca brasileira, para a mulher brasileira. E se orgulha disso mais do que tudo.<\/p>\n<p>A campanha primavera &#8211; ver\u00e3o 2010 da Luz da Lua estar\u00e1 em breve ganhando as ruas de todo Brasil e ser\u00e1 composta de an\u00fancios em revistas, outdoor e televis\u00e3o.<\/p>\n<p>Ficha t\u00e9cnica<\/p>\n<p>Cria\u00e7\u00e3o: \u00c2ngelo Pilla e Vinicius Cunha<br \/>\nDire\u00e7\u00e3o: Minwer Daqawiya<br \/>\nAg\u00eancia: RBA Publicidade<br \/>\nContato: L\u00fa Paiva<br \/>\nFot\u00f3grafo: Miro<br \/>\nStylists: Fl\u00e1via Pommianorsky e Davi Ramos<br \/>\nMake-up\/ hair: Daniel Hernandez.<\/p>\n","protected":false},"excerpt":{"rendered":"<p>A Luz da Lua, desde o in\u00edcio, faz um grande e constante esfor\u00e7o de comunica\u00e7\u00e3o para fortalecimento da marca, diferenciando e conceituando-a como marca de acess\u00f3rio de moda. O novo rosto para as pr\u00f3ximas campanhas \u00e9 de Camila Pitanga, estrela de primeira grandeza em filmes e novelas. Al\u00e9m do grande sucesso e empatia que Camila [&hellip;]<\/p>\n","protected":false},"author":3,"featured_media":0,"comment_status":"open","ping_status":"open","sticky":false,"template":"","format":"standard","meta":{"tdm_status":"","tdm_grid_status":"","footnotes":""},"categories":[22],"tags":[],"class_list":{"0":"post-11404","1":"post","2":"type-post","3":"status-publish","4":"format-standard","6":"category-brasil"},"_links":{"self":[{"href":"https:\/\/migracao.redenoticia.com.br\/noticia\/wp-json\/wp\/v2\/posts\/11404","targetHints":{"allow":["GET"]}}],"collection":[{"href":"https:\/\/migracao.redenoticia.com.br\/noticia\/wp-json\/wp\/v2\/posts"}],"about":[{"href":"https:\/\/migracao.redenoticia.com.br\/noticia\/wp-json\/wp\/v2\/types\/post"}],"author":[{"embeddable":true,"href":"https:\/\/migracao.redenoticia.com.br\/noticia\/wp-json\/wp\/v2\/users\/3"}],"replies":[{"embeddable":true,"href":"https:\/\/migracao.redenoticia.com.br\/noticia\/wp-json\/wp\/v2\/comments?post=11404"}],"version-history":[{"count":0,"href":"https:\/\/migracao.redenoticia.com.br\/noticia\/wp-json\/wp\/v2\/posts\/11404\/revisions"}],"wp:attachment":[{"href":"https:\/\/migracao.redenoticia.com.br\/noticia\/wp-json\/wp\/v2\/media?parent=11404"}],"wp:term":[{"taxonomy":"category","embeddable":true,"href":"https:\/\/migracao.redenoticia.com.br\/noticia\/wp-json\/wp\/v2\/categories?post=11404"},{"taxonomy":"post_tag","embeddable":true,"href":"https:\/\/migracao.redenoticia.com.br\/noticia\/wp-json\/wp\/v2\/tags?post=11404"}],"curies":[{"name":"wp","href":"https:\/\/api.w.org\/{rel}","templated":true}]}}