{"id":114053,"date":"2017-05-26T16:31:17","date_gmt":"2017-05-26T19:31:17","guid":{"rendered":"https:\/\/www.redenoticia.com.br\/noticia\/?p=114053"},"modified":"2017-05-26T16:02:13","modified_gmt":"2017-05-26T19:02:13","slug":"resumo-novela-no-limite-da-paixao-2905-otavio-se-revolta-com-testamento","status":"publish","type":"post","link":"https:\/\/migracao.redenoticia.com.br\/noticia\/2017\/resumo-novela-no-limite-da-paixao-2905-otavio-se-revolta-com-testamento\/114053","title":{"rendered":"Resumo novela \u201cNo Limite da Paix\u00e3o\u201d 29\/05: Ot\u00e1vio se revolta com testamento"},"content":{"rendered":"<p><img class=\"alignleft size-thumbnail wp-image-113483\" https:\/\/migracao.redenoticia.com.br\/noticia\/imagens\/no-limite-da-paixao-novela-sbt-resumo-150x112.jpg\" alt=\"\" width=\"150\" height=\"112\" \/><strong><em>Resumo novela \u201cNo Limite da Paix\u00e3o\u201d 29\/05<\/em><\/strong>: no cap\u00edtulo 006(*) da novela \u201cNo Limite da Paix\u00e3o\u201d, resumo de segunda-feira, 26 de maio, Ot\u00e1vio fica revoltado ao saber que para receber a heran\u00e7a de seu tio ter\u00e1 que se casar com Ana Cristina. Rebeca confessa ao padre que sempre esteve apaixonada por Rodolfo, seu cunhado e que pressente que ele est\u00e1 muito doente. Rodolfo, que acredita na amizade de Maciel, comenta com o amigo que lhe resta pouco tempo de vida. Maciel, fingindo preocupa\u00e7\u00e3o, promete que vai dar todo apoio \u00e0 sua fam\u00edlia. Ana Cristina falta ao servi\u00e7o e \u00e9 demitida pelo administrador. Ot\u00e1vio e Ana Cristina voltam a discutir. Ele a humilha e ela garante que nem por todo o dinheiro do mundo se casaria com um canalha como ele. Maciel est\u00e1 furioso por ter ficado de fora do testamento do Sr. Fernando Vila Real e Frida garante ao amante que se Ot\u00e1vio abrir m\u00e3o da heran\u00e7a n\u00e3o se casar\u00e1 com ele. Ana Cristina, desiludida com Ot\u00e1vio, pede ao Jos\u00e9 Alfredo que se case com ela nessa mesma noite. Dona Fernanda encontra uma carta escrita por seu irm\u00e3o, Fernando, onde ele pede que n\u00e3o permita que seu sobrinho, Ot\u00e1vio, se case com Frida. Caetana pergunta a Frida se ela ainda n\u00e3o percebeu que Ot\u00e1vio est\u00e1 apaixonado por Ana Cristina. Ana Cristina diz a dona Josefa que decidiu cumprir a promessa que fez ao Sr. Fernando.<\/p>\n<p>(*) edi\u00e7\u00e3o do SBT, Novela \u201cNo Limite da Paix\u00e3o\u201d, sujeito a altera\u00e7\u00e3o de data e conte\u00fado.<\/p>\n<p>\u201cNo Limite da Paix\u00e3o\u201d \u00e9 uma telenovela mexicana produzida por Salvador Mej\u00eda Alejandre para a Televisa e exibida pelo Canal de las Estrellas entre 11 de fevereiro e 2 de agosto de 2002. A trama \u00e9 baseada em Cadena de odio, uma radionovela de Hilda Morales Allois. Foi adaptada livremente por Liliana Abud, dire\u00e7\u00e3o de Miguel C\u00f3rcega e produ\u00e7\u00e3o executiva de Nathalie Lartilleux. A trama \u00e9 protagonizada por Susana Gonz\u00e1lez e C\u00e9sar \u00c9vora e antagonizada por Sabine Moussier e Alberto Estrella.<\/p>\n<p>Sinopse: Ana Cristina e Ot\u00e1vio ter\u00e3o que ultrapassar as barreiras das mentiras e enfrentar o sentimento que os condena. Rodeados das m\u00e1s inten\u00e7\u00f5es de seus inimigos, e os problemas que ter\u00e3o um a um at\u00e9 chegar a sua meta: estar juntos sem importar o passado. Ana Cristina \u00e9 uma jovem charmosa e de car\u00e1ter forte, \u00e9 a protegida de seu av\u00f4, Fernando Villareal. Quando Fernando fica doente, seu sobrinho Ot\u00e1vio Villareal, um homem cheio de rancor porque seu tio impediu seu casamento com sua amada Frida, viaja para v\u00ea-lo. Fernando morre, deixando em seu testamento a f\u00e1brica de sapatos para Ot\u00e1vio e Ana Cristina: eles s\u00e3o sua \u00fanica fam\u00edlia, mas como condi\u00e7\u00e3o devem se casar e viver juntos um ano antes de decidir o que fazer com a empresa. Maciel, o capataz das terras Villareal, come\u00e7a a caluniar a inofensiva Ana Cristina e convence Ot\u00e1vio para que busque Frida. Sem imaginar, com a conviv\u00eancia cresce um amor profundo entre os dois: ambos s\u00e3o v\u00edtimas de um grande \u00f3dio por parte de Maciel e Frida, ex-prometida de Ot\u00e1vio, que fazem at\u00e9 o imposs\u00edvel para separar os dois. Ot\u00e1vio dever\u00e1 decidir entre o filho que espera agora sua amada esposa Ana Cristina, e o filho de sua amante Frida que, na verdade, n\u00e3o \u00e9 seu. Mas a chegada de Martha, uma mulher misteriosa e obscura vai mudar completamente e vida de Ana Cristina e Ot\u00e1vio. Ela far\u00e1 de tudo para defender Ana Cristina nem que para isso precise revelar um grande segredo que guarda.<\/p>\n","protected":false},"excerpt":{"rendered":"","protected":false},"author":4,"featured_media":113483,"comment_status":"open","ping_status":"closed","sticky":false,"template":"","format":"standard","meta":{"tdm_status":"","tdm_grid_status":"","footnotes":""},"categories":[379,372,343],"tags":[441],"class_list":{"0":"post-114053","1":"post","2":"type-post","3":"status-publish","4":"format-standard","5":"has-post-thumbnail","7":"category-novelas","8":"category-sbt","9":"category-televisao","10":"tag-resumo-do-dia"},"_links":{"self":[{"href":"https:\/\/migracao.redenoticia.com.br\/noticia\/wp-json\/wp\/v2\/posts\/114053","targetHints":{"allow":["GET"]}}],"collection":[{"href":"https:\/\/migracao.redenoticia.com.br\/noticia\/wp-json\/wp\/v2\/posts"}],"about":[{"href":"https:\/\/migracao.redenoticia.com.br\/noticia\/wp-json\/wp\/v2\/types\/post"}],"author":[{"embeddable":true,"href":"https:\/\/migracao.redenoticia.com.br\/noticia\/wp-json\/wp\/v2\/users\/4"}],"replies":[{"embeddable":true,"href":"https:\/\/migracao.redenoticia.com.br\/noticia\/wp-json\/wp\/v2\/comments?post=114053"}],"version-history":[{"count":0,"href":"https:\/\/migracao.redenoticia.com.br\/noticia\/wp-json\/wp\/v2\/posts\/114053\/revisions"}],"wp:featuredmedia":[{"embeddable":true,"href":"https:\/\/migracao.redenoticia.com.br\/noticia\/wp-json\/wp\/v2\/media\/113483"}],"wp:attachment":[{"href":"https:\/\/migracao.redenoticia.com.br\/noticia\/wp-json\/wp\/v2\/media?parent=114053"}],"wp:term":[{"taxonomy":"category","embeddable":true,"href":"https:\/\/migracao.redenoticia.com.br\/noticia\/wp-json\/wp\/v2\/categories?post=114053"},{"taxonomy":"post_tag","embeddable":true,"href":"https:\/\/migracao.redenoticia.com.br\/noticia\/wp-json\/wp\/v2\/tags?post=114053"}],"curies":[{"name":"wp","href":"https:\/\/api.w.org\/{rel}","templated":true}]}}