{"id":114059,"date":"2017-05-26T16:33:38","date_gmt":"2017-05-26T19:33:38","guid":{"rendered":"https:\/\/www.redenoticia.com.br\/noticia\/?p=114059"},"modified":"2017-05-26T16:04:49","modified_gmt":"2017-05-26T19:04:49","slug":"resumo-novela-carinha-de-anjo-2905-dulce-maria-quer-conversar-com-vitor","status":"publish","type":"post","link":"https:\/\/migracao.redenoticia.com.br\/noticia\/2017\/resumo-novela-carinha-de-anjo-2905-dulce-maria-quer-conversar-com-vitor\/114059","title":{"rendered":"Resumo novela \u201cCarinha de Anjo\u201d 29\/05: Dulce Maria quer conversar com Vitor"},"content":{"rendered":"<p><img loading=\"lazy\" decoding=\"async\" class=\"alignleft size-thumbnail wp-image-99331\" src=\"https:\/\/migracao.redenoticia.com.br\/noticia\/imagens\/carinha_de_anjo_sbt_novela_resumo_capitulo-150x112.jpg\" alt=\"carinha_de_anjo_sbt_novela_resumo_capitulo\" width=\"150\" height=\"112\" srcset=\"https:\/\/migracao.redenoticia.com.br\/noticia\/imagens\/carinha_de_anjo_sbt_novela_resumo_capitulo-150x112.jpg 150w, https:\/\/migracao.redenoticia.com.br\/noticia\/imagens\/carinha_de_anjo_sbt_novela_resumo_capitulo-265x198.jpg 265w\" sizes=\"auto, (max-width: 150px) 100vw, 150px\" \/><strong><em>Resumo novela \u201cCarinha de Anjo\u201d 29\/05<\/em><\/strong>: no cap\u00edtulo 136(*) da novela \u201cCarinha de Anjo\u201d, resumo de segunda-feira, 29 de maio, Dulce Maria questiona o pai se ele voltou a namorar com Nicole. Gustavo confirma, mas n\u00e3o revela que ir\u00e1 se casar. Vitor vai at\u00e9 o apartamento de Gustavo com aux\u00edlio de Silvestre, mesmo Estef\u00e2nia n\u00e3o querendo ver ele. A conversa entre Vitor e Tia Perucas acontece no quarto de Dulce Maria. O chef de cozinha tenta explicar que apenas omitiu que Selene (Gabriela Petry) veio atr\u00e1s dele, mas que ela \u00e9 uma louca do passado. Estef\u00e2nia diz que n\u00e3o confia mais nele e que o chef mentiu ao dizer que nunca havia vivido uma hist\u00f3ria de amor. Gustavo e Cec\u00edlia se veem no col\u00e9gio e o empres\u00e1rio revela que retomou o noivado com Nicole, deixando a novi\u00e7a abalada. Dulce pede para Cec\u00edlia e Fabiana levarem ela at\u00e9 a cidade para conversar com Vitor. Enquanto isso Vitor recebe Selene em sua casa e questiona o motivo dela ressurgir em sua vida mesmo ap\u00f3s ter lhe tra\u00eddo no passado. O chef de cozinha diz para ela sumir de sua vida. In\u00e1cio conta para Zeca que gostaria que ele n\u00e3o namorasse mais com Juju. Zeca avisa aos pais que ir\u00e1 conversar com a Madre Superiora. Gustavo pede Nicole em casamento e lhe entrega uma alian\u00e7a. A Madre diz para Zeca que reconhecer o pr\u00f3prio erro \u00e9 algo grandioso. O garoto promete que nunca mais ir\u00e1 beijar Juju nas depend\u00eancias do col\u00e9gio e a Madre responde: \u201cMas n\u00e3o vai mesmo, nunca mais\u201c. Na pra\u00e7a, o irm\u00e3o mais velho de Frida, Luciano (Kaleb Figueiredo), tira sarro de Juju com seus amigos e menospreza a origem humilde de Zeca.<\/p>\n<p>(*) edi\u00e7\u00e3o do SBT, Novela \u201cCarinha de Anjo\u201d, sujeito a altera\u00e7\u00e3o de data e conte\u00fado.<\/p>\n<p>Carinha de Anjo \u00e9 uma telenovela brasileira produzida e exibida originalmente pelo SBT desde o dia 21 de novembro de 2016, substituindo o hor\u00e1rio anteriormente ocupado por C\u00famplices de um Resgate. A telenovela \u00e9 inspirada na mexicana Carita de \u00e1ngel, que, por sua vez, \u00e9 um remake de Mundo de juguete, ambas produzidas pela Televisa e que haviam sido baseadas na trama argentina escrita por Abel Santa Cruz, Pap\u00e1 coraz\u00f3n. Esta ser\u00e1 a segunda adapta\u00e7\u00e3o brasileira da obra original argentina, visto que a Rede Tupi apresentou em 1976 a sua primeira vers\u00e3o, chamada de Papai Cora\u00e7\u00e3o. A nova vers\u00e3o \u00e9 escrita por Leonor Corr\u00eaa, com supervis\u00e3o de \u00cdris Abravanel e dire\u00e7\u00e3o geral de Ricardo Mantoanelli. A trama conta com Lorena Queiroz, Bia Arantes, Carlo Porto, Priscila Sol, Dani Gondim, Karin Hils, Eliana Guttman e Lucero nos pap\u00e9is principais.<\/p>\n","protected":false},"excerpt":{"rendered":"<p>Resumo novela \u201cCarinha de Anjo\u201d 29\/05: no cap\u00edtulo 136(*) da novela \u201cCarinha de Anjo\u201d, resumo de segunda-feira, 29 de maio, Dulce Maria questiona o pai se ele voltou a namorar com Nicole. Gustavo confirma, mas n\u00e3o revela que ir\u00e1 se casar. Vitor vai at\u00e9 o apartamento de Gustavo com aux\u00edlio de Silvestre, mesmo Estef\u00e2nia n\u00e3o [&hellip;]<\/p>\n","protected":false},"author":4,"featured_media":99331,"comment_status":"open","ping_status":"closed","sticky":false,"template":"","format":"standard","meta":{"tdm_status":"","tdm_grid_status":"","footnotes":""},"categories":[452,379,372,343],"tags":[441],"class_list":{"0":"post-114059","1":"post","2":"type-post","3":"status-publish","4":"format-standard","5":"has-post-thumbnail","7":"category-carinha-de-anjo","8":"category-novelas","9":"category-sbt","10":"category-televisao","11":"tag-resumo-do-dia"},"_links":{"self":[{"href":"https:\/\/migracao.redenoticia.com.br\/noticia\/wp-json\/wp\/v2\/posts\/114059","targetHints":{"allow":["GET"]}}],"collection":[{"href":"https:\/\/migracao.redenoticia.com.br\/noticia\/wp-json\/wp\/v2\/posts"}],"about":[{"href":"https:\/\/migracao.redenoticia.com.br\/noticia\/wp-json\/wp\/v2\/types\/post"}],"author":[{"embeddable":true,"href":"https:\/\/migracao.redenoticia.com.br\/noticia\/wp-json\/wp\/v2\/users\/4"}],"replies":[{"embeddable":true,"href":"https:\/\/migracao.redenoticia.com.br\/noticia\/wp-json\/wp\/v2\/comments?post=114059"}],"version-history":[{"count":0,"href":"https:\/\/migracao.redenoticia.com.br\/noticia\/wp-json\/wp\/v2\/posts\/114059\/revisions"}],"wp:featuredmedia":[{"embeddable":true,"href":"https:\/\/migracao.redenoticia.com.br\/noticia\/wp-json\/wp\/v2\/media\/99331"}],"wp:attachment":[{"href":"https:\/\/migracao.redenoticia.com.br\/noticia\/wp-json\/wp\/v2\/media?parent=114059"}],"wp:term":[{"taxonomy":"category","embeddable":true,"href":"https:\/\/migracao.redenoticia.com.br\/noticia\/wp-json\/wp\/v2\/categories?post=114059"},{"taxonomy":"post_tag","embeddable":true,"href":"https:\/\/migracao.redenoticia.com.br\/noticia\/wp-json\/wp\/v2\/tags?post=114059"}],"curies":[{"name":"wp","href":"https:\/\/api.w.org\/{rel}","templated":true}]}}