{"id":114070,"date":"2017-05-27T16:39:12","date_gmt":"2017-05-27T19:39:12","guid":{"rendered":"https:\/\/www.redenoticia.com.br\/noticia\/?p=114070"},"modified":"2017-05-26T16:15:40","modified_gmt":"2017-05-26T19:15:40","slug":"resumo-novela-novo-mundo-2905-jacinto-e-seu-bando-cercam-joaquim-na-mata","status":"publish","type":"post","link":"https:\/\/migracao.redenoticia.com.br\/noticia\/2017\/resumo-novela-novo-mundo-2905-jacinto-e-seu-bando-cercam-joaquim-na-mata\/114070","title":{"rendered":"Resumo novela \u201cNovo Mundo\u201d 29\/05: Jacinto e seu bando cercam Joaquim na mata"},"content":{"rendered":"<p><img loading=\"lazy\" decoding=\"async\" class=\"alignleft size-thumbnail wp-image-107950\" src=\"https:\/\/migracao.redenoticia.com.br\/noticia\/imagens\/novo_mundo_novela_resumo_globo-150x112.jpg\" alt=\"\" width=\"150\" height=\"112\" srcset=\"https:\/\/migracao.redenoticia.com.br\/noticia\/imagens\/novo_mundo_novela_resumo_globo-150x112.jpg 150w, https:\/\/migracao.redenoticia.com.br\/noticia\/imagens\/novo_mundo_novela_resumo_globo-265x198.jpg 265w\" sizes=\"auto, (max-width: 150px) 100vw, 150px\" \/><strong><em>Resumo novela \u201cNovo Mundo\u201d 29\/05<\/em><\/strong>: no cap\u00edtulo 059(*) da novela \u201cNovo Mundo\u201d, resumo de segunda-feira, 29 de maio, Thomas tenta conter sua raiva contra Anna, que se assusta com o marido. Dom Pedro volta da casa de Domitila e v\u00ea Leopoldina conversando com Bonif\u00e1cio. Germana e Licurgo sugerem que Elvira chantageie Thomas. Patr\u00edcio bajula Domitila. \u00cdndios Tucar\u00e9s veem Jacira falando com Ferdinando. Bonif\u00e1cio cria pol\u00eamicas com seu discurso de posse como Ministro. Diara impede um beijo entre Cec\u00edlia e Lib\u00e9rio. Peter conta para Bonif\u00e1cio sobre o suposto envolvimento de Sebasti\u00e3o no atentado contra Dom Pedro. Madre Assun\u00e7\u00e3o impede Am\u00e1lia de sair de sua cela. Elvira pensa em descobrir o paradeiro de Domitila. Ubirajara prende Jacira e questiona Piat\u00e3 sobre Ferdinando. Thomas vai \u00e0 casa de Domitila. Jacinto e seu bando cercam Joaquim na mata.<\/p>\n<p>(*) edi\u00e7\u00e3o da Rede Globo, Novela \u201cNovo Mundo\u201d, sujeito a altera\u00e7\u00e3o de data e conte\u00fado.<\/p>\n<p>Novo Mundo \u00e9 uma telenovela brasileira produzida pela Rede Globo. Escrita por Thereza Falc\u00e3o e Alessandro Marson, conta com dire\u00e7\u00e3o art\u00edstica de Vin\u00edcius Coimbra. Conta com as participa\u00e7\u00f5es de Isabelle Drummond, Chay Suede, Caio Castro, Let\u00edcia Colin, Leo Jaime, D\u00e9bora Olivieri, Rodrigo Simas, Giullia Buscacio, Vivianne Pasmanter, Guilherme Piva, R\u00f4mulo Estrela, Agatha Moreira, Luisa Micheletti, Gabriel Braga Nunes, e Ingrid Guimar\u00e3es.<\/p>\n","protected":false},"excerpt":{"rendered":"<p>Resumo novela \u201cNovo Mundo\u201d 29\/05: no cap\u00edtulo 059(*) da novela \u201cNovo Mundo\u201d, resumo de segunda-feira, 29 de maio, Thomas tenta conter sua raiva contra Anna, que se assusta com o marido. Dom Pedro volta da casa de Domitila e v\u00ea Leopoldina conversando com Bonif\u00e1cio. Germana e Licurgo sugerem que Elvira chantageie Thomas. Patr\u00edcio bajula Domitila. [&hellip;]<\/p>\n","protected":false},"author":4,"featured_media":107950,"comment_status":"open","ping_status":"closed","sticky":false,"template":"","format":"standard","meta":{"tdm_status":"","tdm_grid_status":"","footnotes":""},"categories":[379,375,343],"tags":[441],"class_list":{"0":"post-114070","1":"post","2":"type-post","3":"status-publish","4":"format-standard","5":"has-post-thumbnail","7":"category-novelas","8":"category-rede-globo","9":"category-televisao","10":"tag-resumo-do-dia"},"_links":{"self":[{"href":"https:\/\/migracao.redenoticia.com.br\/noticia\/wp-json\/wp\/v2\/posts\/114070","targetHints":{"allow":["GET"]}}],"collection":[{"href":"https:\/\/migracao.redenoticia.com.br\/noticia\/wp-json\/wp\/v2\/posts"}],"about":[{"href":"https:\/\/migracao.redenoticia.com.br\/noticia\/wp-json\/wp\/v2\/types\/post"}],"author":[{"embeddable":true,"href":"https:\/\/migracao.redenoticia.com.br\/noticia\/wp-json\/wp\/v2\/users\/4"}],"replies":[{"embeddable":true,"href":"https:\/\/migracao.redenoticia.com.br\/noticia\/wp-json\/wp\/v2\/comments?post=114070"}],"version-history":[{"count":0,"href":"https:\/\/migracao.redenoticia.com.br\/noticia\/wp-json\/wp\/v2\/posts\/114070\/revisions"}],"wp:featuredmedia":[{"embeddable":true,"href":"https:\/\/migracao.redenoticia.com.br\/noticia\/wp-json\/wp\/v2\/media\/107950"}],"wp:attachment":[{"href":"https:\/\/migracao.redenoticia.com.br\/noticia\/wp-json\/wp\/v2\/media?parent=114070"}],"wp:term":[{"taxonomy":"category","embeddable":true,"href":"https:\/\/migracao.redenoticia.com.br\/noticia\/wp-json\/wp\/v2\/categories?post=114070"},{"taxonomy":"post_tag","embeddable":true,"href":"https:\/\/migracao.redenoticia.com.br\/noticia\/wp-json\/wp\/v2\/tags?post=114070"}],"curies":[{"name":"wp","href":"https:\/\/api.w.org\/{rel}","templated":true}]}}