{"id":114094,"date":"2017-06-03T00:04:15","date_gmt":"2017-06-03T03:04:15","guid":{"rendered":"https:\/\/www.redenoticia.com.br\/noticia\/?p=114094"},"modified":"2017-06-05T16:31:40","modified_gmt":"2017-06-05T19:31:40","slug":"novela-ribeirao-do-tempo-resumo-0506-arminda-apresenta-diana-a-teixeira","status":"publish","type":"post","link":"https:\/\/migracao.redenoticia.com.br\/noticia\/2017\/novela-ribeirao-do-tempo-resumo-0506-arminda-apresenta-diana-a-teixeira\/114094","title":{"rendered":"Novela \u201cRibeir\u00e3o do Tempo\u201d resumo 05\/06: Arminda apresenta Diana a Teixeira"},"content":{"rendered":"<p> <img loading=\"lazy\" decoding=\"async\" src=\"https:\/\/migracao.redenoticia.com.br\/noticia\/imagens\/ribeirao_do_tempo_novela_record_resumo-150x112.jpg\" alt=\"\" width=\"150\" height=\"112\" class=\"alignleft size-thumbnail wp-image-108265\" srcset=\"https:\/\/migracao.redenoticia.com.br\/noticia\/imagens\/ribeirao_do_tempo_novela_record_resumo-150x112.jpg 150w, https:\/\/migracao.redenoticia.com.br\/noticia\/imagens\/ribeirao_do_tempo_novela_record_resumo-265x198.jpg 265w\" sizes=\"auto, (max-width: 150px) 100vw, 150px\" \/><strong><em>Novela \u201cRibeir\u00e3o do Tempo\u201d resumo 05\/06<\/em><\/strong>: no capitulo 065 (*) da novela \u201cRibeir\u00e3o do Tempo\u201d, segunda-feira, 05 de junho, Karina liga para Nicolau e diz que a visita dele provocou um problema em seu namoro com Tito. Ela manda o senador n\u00e3o procur\u00e1-la mais, mas ele afirma que Karina n\u00e3o vai conseguir esquec\u00ea-lo. Elza mostra a casa para Diana. Nasinho liga para Tito e diz que precisa conversar com ele e com Clor\u00eds sobre um assunto importante. Bruno exige que Arminda marque uma reuni\u00e3o com ele. Virg\u00edlio pede para Iara dar for\u00e7a \u00e0 proposta de Nasinho. Nicolau explica a Beatriz que vai comprar as terras de Tito. O senador pede para a m\u00e3e apoi\u00e1-lo. L\u00e9ia diz a Joca que n\u00e3o entende como Arminda ser\u00e1 capaz de cuidar de uma crian\u00e7a. Diana liga para Guilherme e conta que est\u00e1 morando no solar. Ela pergunta se o amigo quer visit\u00e1-la&#8230;L\u00edlian fica irritada ao ouvir Beatriz e Larissa conversando sobre o jantar que v\u00e3o oferecer para Arminda. Beatriz confessa \u00e0 irm\u00e3 que anda com maus pressentimentos. Flores pede para Sereno ir embora, pois Nicolau vai visit\u00e1-lo a qualquer momento. O professor explica que o senador \u00e9 seu aliado, mas ressalta que algum dia ele vai se tornar uma pedra no caminho. <\/p>\n<p>Beatriz diz a Larissa que anda preocupada porque est\u00e1 desconfiando de que Nicolau esteja envolvido com a sabotagem do avi\u00e3o de Silvio, afinal isso \u00e9 prop\u00edcio para os planos dele. Arminda diz a Diana que ela ter\u00e1 que obedecer algumas regras e a manda ir para o banho. Arminda apresenta Diana a Teixeira. Guilherme fala para Ellen que est\u00e1 feliz por saber que Diana saiu da casa de interna\u00e7\u00e3o. <\/p>\n<p>Arminda ensina Diana a comer da maneira correta. Teixeira conta a Arminda que foi convidado por Bruno para fazer parte da diretoria da empresa. Flores explica a Nicolau que agora tem na m\u00e3o um b\u00eabado milion\u00e1rio que quer consertar o mundo. Quer\u00eancio afirma a Alfredo que herdou a fortuna de Madame Durrel, mas ainda n\u00e3o colocou a m\u00e3o no dinheiro. O professor revela a Nicolau que eles podem ajudar Quer\u00eancio a mudar o mundo lan\u00e7ando a candidatura do pintor para prefeito de Ribeir\u00e3o do Tempo. Quer\u00eancio diz a Marisa que est\u00e1 pensando em morar no solar, mas s\u00f3 vai se ela o acompanhar. A dan\u00e7arina responde que, por enquanto, \u00e9 melhor deixar tudo como est\u00e1. <\/p>\n<p>(*) edi\u00e7\u00e3o da Rede Record, Novela \u201cRibeir\u00e3o do Tempo\u201d, sujeito a altera\u00e7\u00e3o de data e conte\u00fado.<\/p>\n","protected":false},"excerpt":{"rendered":"<p>Novela \u201cRibeir\u00e3o do Tempo\u201d resumo 05\/06: no capitulo 065 (*) da novela \u201cRibeir\u00e3o do Tempo\u201d, segunda-feira, 05 de junho, Karina liga para Nicolau e diz que a visita dele provocou um problema em seu namoro com Tito. Ela manda o senador n\u00e3o procur\u00e1-la mais, mas ele afirma que Karina n\u00e3o vai conseguir esquec\u00ea-lo. Elza mostra [&hellip;]<\/p>\n","protected":false},"author":2,"featured_media":108265,"comment_status":"open","ping_status":"closed","sticky":false,"template":"","format":"standard","meta":{"tdm_status":"","tdm_grid_status":"","footnotes":""},"categories":[379,371,343],"tags":[441],"class_list":{"0":"post-114094","1":"post","2":"type-post","3":"status-publish","4":"format-standard","5":"has-post-thumbnail","7":"category-novelas","8":"category-rede-record","9":"category-televisao","10":"tag-resumo-do-dia"},"_links":{"self":[{"href":"https:\/\/migracao.redenoticia.com.br\/noticia\/wp-json\/wp\/v2\/posts\/114094","targetHints":{"allow":["GET"]}}],"collection":[{"href":"https:\/\/migracao.redenoticia.com.br\/noticia\/wp-json\/wp\/v2\/posts"}],"about":[{"href":"https:\/\/migracao.redenoticia.com.br\/noticia\/wp-json\/wp\/v2\/types\/post"}],"author":[{"embeddable":true,"href":"https:\/\/migracao.redenoticia.com.br\/noticia\/wp-json\/wp\/v2\/users\/2"}],"replies":[{"embeddable":true,"href":"https:\/\/migracao.redenoticia.com.br\/noticia\/wp-json\/wp\/v2\/comments?post=114094"}],"version-history":[{"count":0,"href":"https:\/\/migracao.redenoticia.com.br\/noticia\/wp-json\/wp\/v2\/posts\/114094\/revisions"}],"wp:featuredmedia":[{"embeddable":true,"href":"https:\/\/migracao.redenoticia.com.br\/noticia\/wp-json\/wp\/v2\/media\/108265"}],"wp:attachment":[{"href":"https:\/\/migracao.redenoticia.com.br\/noticia\/wp-json\/wp\/v2\/media?parent=114094"}],"wp:term":[{"taxonomy":"category","embeddable":true,"href":"https:\/\/migracao.redenoticia.com.br\/noticia\/wp-json\/wp\/v2\/categories?post=114094"},{"taxonomy":"post_tag","embeddable":true,"href":"https:\/\/migracao.redenoticia.com.br\/noticia\/wp-json\/wp\/v2\/tags?post=114094"}],"curies":[{"name":"wp","href":"https:\/\/api.w.org\/{rel}","templated":true}]}}