{"id":114132,"date":"2017-05-29T00:06:19","date_gmt":"2017-05-29T03:06:19","guid":{"rendered":"https:\/\/www.redenoticia.com.br\/noticia\/?p=114132"},"modified":"2017-05-28T19:18:57","modified_gmt":"2017-05-28T22:18:57","slug":"etecs-divulgam-os-cursos-mais-concorridos-no-vestibulinho","status":"publish","type":"post","link":"https:\/\/migracao.redenoticia.com.br\/noticia\/2017\/etecs-divulgam-os-cursos-mais-concorridos-no-vestibulinho\/114132","title":{"rendered":"Etecs divulgam os cursos mais concorridos no Vestibulinho"},"content":{"rendered":"<p> Pelo s\u00e9timo ano consecutivo, o curso t\u00e9cnico de Enfermagem \u00e9 o mais disputado no processo seletivo das Escolas T\u00e9cnicas Estaduais (<strong><em>Etecs<\/em><\/strong>) para o segundo semestre de 2017. A Etec Carlos de Campos, no Br\u00e1s, em S\u00e3o Paulo, tem o maior \u00edndice de candidatos por vaga: 32,88.A sele\u00e7\u00e3o para Enfermagem tamb\u00e9m est\u00e1 entre as dez mais concorridas nas seguintes Etecs: Parque da Juventude (19,83 candidatos por vaga), Rubens de Faria e Souza (19,43), Zona Sul (16,48), Dra. Ruth Cardoso (15,98) e Suzano (15,58).<\/p>\n<p>Concorr\u00eancia<br \/>\nDois cursos t\u00e9cnicos do eixo Produ\u00e7\u00e3o Cultural e Design aparecem na rela\u00e7\u00e3o: Processos Fotogr\u00e1ficos, na Etec de Artes (17,00), e Produ\u00e7\u00e3o de \u00c1udio e V\u00eddeo (13,08), na Etec Jornalista Roberto Marinho, ambas na capital paulista.<\/p>\n<p>Outros dois cursos completam a lista: Administra\u00e7\u00e3o (Etec Presidente Vargas, de Mogi das Cruzes, com 14,08 candidatos por vaga) e Mec\u00e2nica (Etec Rubens de Faria e Souza, de Sorocaba, com 13,5).<\/p>\n<p>A demanda por unidade est\u00e1 dispon\u00edvel no , assim como o cronograma completo das atividades. Outras informa\u00e7\u00f5es podem ser obtidas pelos telefones (11) 3471-4071 (capital e grande S\u00e3o Paulo) e 0800-772-2829 (demais localidades).<\/p>\n<p>Exames<br \/>\nEm 11 de junho, \u00e0s 13h30, mais de 177 mil inscritos far\u00e3o a prova para concorrer a uma das vagas oferecidas para os ensinos T\u00e9cnico, T\u00e9cnico integrado ao M\u00e9dio na modalidade EJA e Especializa\u00e7\u00e3o T\u00e9cnica, al\u00e9m de vagas remanescentes de segundo m\u00f3dulo. A divulga\u00e7\u00e3o do gabarito oficial ocorrer\u00e1 a partir de 18h do dia do exame.<\/p>\n<p>Autarquia do Governo do Estado de S\u00e3o Paulo vinculada \u00e0 Secretaria de Desenvolvimento Econ\u00f4mico, Ci\u00eancia, Tecnologia e Inova\u00e7\u00e3o, o Centro Paula Souza administra as Faculdades de Tecnologia (Fatecs) e as Etecs. Nas Escolas T\u00e9cnicas Estaduais, o n\u00famero de matriculados nos ensinos M\u00e9dio, T\u00e9cnico integrado ao M\u00e9dio e no Ensino T\u00e9cnico, para os setores Industrial, Agropecu\u00e1rio e de Servi\u00e7os, ultrapassa 211 mil estudantes. As Fatecs atendem mais de 80 mil alunos nos cursos de gradua\u00e7\u00e3o tecnol\u00f3gica.<\/p>\n<p>Do Portal do Governo SP<\/p>\n","protected":false},"excerpt":{"rendered":"<p>Pelo s\u00e9timo ano consecutivo, o curso t\u00e9cnico de Enfermagem \u00e9 o mais disputado no processo seletivo das Escolas T\u00e9cnicas Estaduais (Etecs) para o segundo semestre de 2017. A Etec Carlos de Campos, no Br\u00e1s, em S\u00e3o Paulo, tem o maior \u00edndice de candidatos por vaga: 32,88.A sele\u00e7\u00e3o para Enfermagem tamb\u00e9m est\u00e1 entre as dez mais [&hellip;]<\/p>\n","protected":false},"author":2,"featured_media":28954,"comment_status":"open","ping_status":"closed","sticky":false,"template":"","format":"standard","meta":{"tdm_status":"","tdm_grid_status":"","footnotes":""},"categories":[22,370,295],"tags":[],"class_list":{"0":"post-114132","1":"post","2":"type-post","3":"status-publish","4":"format-standard","5":"has-post-thumbnail","7":"category-brasil","8":"category-inscricao","9":"category-vestibular"},"_links":{"self":[{"href":"https:\/\/migracao.redenoticia.com.br\/noticia\/wp-json\/wp\/v2\/posts\/114132","targetHints":{"allow":["GET"]}}],"collection":[{"href":"https:\/\/migracao.redenoticia.com.br\/noticia\/wp-json\/wp\/v2\/posts"}],"about":[{"href":"https:\/\/migracao.redenoticia.com.br\/noticia\/wp-json\/wp\/v2\/types\/post"}],"author":[{"embeddable":true,"href":"https:\/\/migracao.redenoticia.com.br\/noticia\/wp-json\/wp\/v2\/users\/2"}],"replies":[{"embeddable":true,"href":"https:\/\/migracao.redenoticia.com.br\/noticia\/wp-json\/wp\/v2\/comments?post=114132"}],"version-history":[{"count":0,"href":"https:\/\/migracao.redenoticia.com.br\/noticia\/wp-json\/wp\/v2\/posts\/114132\/revisions"}],"wp:featuredmedia":[{"embeddable":true,"href":"https:\/\/migracao.redenoticia.com.br\/noticia\/wp-json\/wp\/v2\/media\/28954"}],"wp:attachment":[{"href":"https:\/\/migracao.redenoticia.com.br\/noticia\/wp-json\/wp\/v2\/media?parent=114132"}],"wp:term":[{"taxonomy":"category","embeddable":true,"href":"https:\/\/migracao.redenoticia.com.br\/noticia\/wp-json\/wp\/v2\/categories?post=114132"},{"taxonomy":"post_tag","embeddable":true,"href":"https:\/\/migracao.redenoticia.com.br\/noticia\/wp-json\/wp\/v2\/tags?post=114132"}],"curies":[{"name":"wp","href":"https:\/\/api.w.org\/{rel}","templated":true}]}}