{"id":114138,"date":"2017-05-29T00:09:45","date_gmt":"2017-05-29T03:09:45","guid":{"rendered":"https:\/\/www.redenoticia.com.br\/noticia\/?p=114138"},"modified":"2017-05-28T19:22:57","modified_gmt":"2017-05-28T22:22:57","slug":"campanha-de-vacinacao-contra-a-gripe-e-prorrogada-ate-9-de-junho","status":"publish","type":"post","link":"https:\/\/migracao.redenoticia.com.br\/noticia\/2017\/campanha-de-vacinacao-contra-a-gripe-e-prorrogada-ate-9-de-junho\/114138","title":{"rendered":"Campanha de vacina\u00e7\u00e3o contra a gripe \u00e9 prorrogada at\u00e9 9 de junho"},"content":{"rendered":"<p> A <strong><em>Campanha Nacional de Vacina\u00e7\u00e3o contra a Influenza<\/em><\/strong> foi prorrogada at\u00e9 o dia 9 de junho. A previs\u00e3o inicial do Minist\u00e9rio da Sa\u00fade era de que a imuniza\u00e7\u00e3o fosse encerrada sexta-feira (26). A prorroga\u00e7\u00e3o, segundo a pasta, tem como objetivo atingir a meta de vacinar 90% do p\u00fablico-alvo (idosos, pu\u00e9rperas, ind\u00edgenas, crian\u00e7as, gestantes, professores e trabalhadores de sa\u00fade). At\u00e9 o momento, foram imunizados 63,6% de um total de 54,2 milh\u00f5es de pessoas.<\/p>\n<p>Balan\u00e7o do minist\u00e9rio indica que, entre os grupos que integram o p\u00fablico-alvo, os idosos registram a maior cobertura vacinal (72,4%). Em seguida est\u00e3o pu\u00e9rperas (71,2%) e ind\u00edgenas (68,6%). Os grupos que menos se vacinaram s\u00e3o crian\u00e7as (49,9%), gestantes (53,4%), professores (60,2%) e trabalhadores de sa\u00fade (64,2%).<\/p>\n<p>Tamb\u00e9m foram aplicadas 7,1 milh\u00f5es de doses em pessoas com doen\u00e7as espec\u00edficas, privadas de liberdade e em trabalhadores do sistema prisional.<\/p>\n<p>Os estados com a maior cobertura vacinal, at\u00e9 o momento, s\u00e3o Amap\u00e1 (85,7%), Paran\u00e1 (78,1%), Santa Catarina (77,7%), Rio Grande do Sul (74%) e Goi\u00e1s (70,1%). J\u00e1 os estados com menor cobertura s\u00e3o Roraima (47,9%), Rio de Janeiro (49%), Par\u00e1 (52,1%), Mato Grosso (55,8%), Rond\u00f4nia (56,2%), Acre (56,4%) e Mato Grosso do Sul (57,1%).<\/p>\n<p>Entre as regi\u00f5es do pa\u00eds, o Sul apresenta maio cobertura vacinal, com 76,3%, seguida das regi\u00f5es Centro-Oeste (63,7%), Nordeste (62,3%); Sudeste (61,2%); e Norte (58,2%).<\/p>\n<p>P\u00fablico-alvo<\/p>\n<p>A vacina contra a gripe est\u00e1 dispon\u00edvel nos postos de sa\u00fade para crian\u00e7as entre 6 meses e menores de 5 anos, pessoas com 60 anos ou mais (idosos), trabalhadores de sa\u00fade, povos ind\u00edgenas, gestantes, pu\u00e9rperas (at\u00e9 45 dias ap\u00f3s o parto), popula\u00e7\u00e3o privada de liberdade, funcion\u00e1rios do sistema prisional e pessoas com doen\u00e7as cr\u00f4nicas n\u00e3o transmiss\u00edveis ou com outras condi\u00e7\u00f5es cl\u00ednicas especiais, al\u00e9m dos professores.<\/p>\n<p>A orienta\u00e7\u00e3o do minist\u00e9rio \u00e9 que pessoas com doen\u00e7as cr\u00f4nicas n\u00e3o transmiss\u00edveis ou com defici\u00eancias espec\u00edficas apresentem prescri\u00e7\u00e3o m\u00e9dica no ato da vacina\u00e7\u00e3o. Pacientes cadastrados em programas de controle das doen\u00e7as cr\u00f4nicas do Sistema \u00danico de Sa\u00fade devem se dirigir aos postos em que est\u00e3o registrados para receber a vacina, sem a necessidade de prescri\u00e7\u00e3o m\u00e9dica.<\/p>\n<p>Seguran\u00e7a<\/p>\n<p>A vacina disponibilizada pelo governo brasileiro protege contra os tr\u00eas subtipos do v\u00edrus da gripe determinados pela Organiza\u00e7\u00e3o Mundial da Sa\u00fade para este ano (A-H1N1, A-H3N2 e influenza B). A dose, segundo a pasta, \u00e9 segura e tamb\u00e9m \u00e9 considerada uma das medidas mais eficazes na preven\u00e7\u00e3o de complica\u00e7\u00f5es e casos graves de gripe.<\/p>\n<p>Como o organismo leva, em m\u00e9dia, de duas a tr\u00eas semanas para criar os anticorpos que geram prote\u00e7\u00e3o contra a gripe ap\u00f3s a vacina\u00e7\u00e3o, o ideal, de acordo com o minist\u00e9rio, \u00e9 realizar a imuniza\u00e7\u00e3o antes do in\u00edcio do inverno. O per\u00edodo de maior circula\u00e7\u00e3o da gripe no Brasil vai do final de maio at\u00e9 agosto.<\/p>\n<p>Paula Laboissi\u00e8re &#8211; Rep\u00f3rter da Ag\u00eancia Brasil<br \/>\nEdi\u00e7\u00e3o: Talita Cavalcante<br \/>\n29\/05\/2017<\/p>\n","protected":false},"excerpt":{"rendered":"<p>A Campanha Nacional de Vacina\u00e7\u00e3o contra a Influenza foi prorrogada at\u00e9 o dia 9 de junho. A previs\u00e3o inicial do Minist\u00e9rio da Sa\u00fade era de que a imuniza\u00e7\u00e3o fosse encerrada sexta-feira (26). A prorroga\u00e7\u00e3o, segundo a pasta, tem como objetivo atingir a meta de vacinar 90% do p\u00fablico-alvo (idosos, pu\u00e9rperas, ind\u00edgenas, crian\u00e7as, gestantes, professores e [&hellip;]<\/p>\n","protected":false},"author":2,"featured_media":34747,"comment_status":"open","ping_status":"closed","sticky":false,"template":"","format":"standard","meta":{"tdm_status":"","tdm_grid_status":"","footnotes":""},"categories":[22,5],"tags":[],"class_list":{"0":"post-114138","1":"post","2":"type-post","3":"status-publish","4":"format-standard","5":"has-post-thumbnail","7":"category-brasil","8":"category-saude-e-vida"},"_links":{"self":[{"href":"https:\/\/migracao.redenoticia.com.br\/noticia\/wp-json\/wp\/v2\/posts\/114138","targetHints":{"allow":["GET"]}}],"collection":[{"href":"https:\/\/migracao.redenoticia.com.br\/noticia\/wp-json\/wp\/v2\/posts"}],"about":[{"href":"https:\/\/migracao.redenoticia.com.br\/noticia\/wp-json\/wp\/v2\/types\/post"}],"author":[{"embeddable":true,"href":"https:\/\/migracao.redenoticia.com.br\/noticia\/wp-json\/wp\/v2\/users\/2"}],"replies":[{"embeddable":true,"href":"https:\/\/migracao.redenoticia.com.br\/noticia\/wp-json\/wp\/v2\/comments?post=114138"}],"version-history":[{"count":0,"href":"https:\/\/migracao.redenoticia.com.br\/noticia\/wp-json\/wp\/v2\/posts\/114138\/revisions"}],"wp:featuredmedia":[{"embeddable":true,"href":"https:\/\/migracao.redenoticia.com.br\/noticia\/wp-json\/wp\/v2\/media\/34747"}],"wp:attachment":[{"href":"https:\/\/migracao.redenoticia.com.br\/noticia\/wp-json\/wp\/v2\/media?parent=114138"}],"wp:term":[{"taxonomy":"category","embeddable":true,"href":"https:\/\/migracao.redenoticia.com.br\/noticia\/wp-json\/wp\/v2\/categories?post=114138"},{"taxonomy":"post_tag","embeddable":true,"href":"https:\/\/migracao.redenoticia.com.br\/noticia\/wp-json\/wp\/v2\/tags?post=114138"}],"curies":[{"name":"wp","href":"https:\/\/api.w.org\/{rel}","templated":true}]}}