{"id":114209,"date":"2017-05-29T16:38:39","date_gmt":"2017-05-29T19:38:39","guid":{"rendered":"https:\/\/www.redenoticia.com.br\/noticia\/?p=114209"},"modified":"2017-05-29T16:38:39","modified_gmt":"2017-05-29T19:38:39","slug":"resumo-novela-novo-mundo-3005-joaquim-ouve-a-conversa-de-thomas-e-sebastiao","status":"publish","type":"post","link":"https:\/\/migracao.redenoticia.com.br\/noticia\/2017\/resumo-novela-novo-mundo-3005-joaquim-ouve-a-conversa-de-thomas-e-sebastiao\/114209","title":{"rendered":"Resumo novela \u201cNovo Mundo\u201d 30\/05: Joaquim ouve a conversa de Thomas e Sebasti\u00e3o"},"content":{"rendered":"<p><img loading=\"lazy\" decoding=\"async\" class=\"alignleft size-thumbnail wp-image-107950\" src=\"https:\/\/migracao.redenoticia.com.br\/noticia\/imagens\/novo_mundo_novela_resumo_globo-150x112.jpg\" alt=\"\" width=\"150\" height=\"112\" srcset=\"https:\/\/migracao.redenoticia.com.br\/noticia\/imagens\/novo_mundo_novela_resumo_globo-150x112.jpg 150w, https:\/\/migracao.redenoticia.com.br\/noticia\/imagens\/novo_mundo_novela_resumo_globo-265x198.jpg 265w\" sizes=\"auto, (max-width: 150px) 100vw, 150px\" \/><strong><em>Resumo novela \u201cNovo Mundo\u201d 30\/05<\/em><\/strong>: no cap\u00edtulo 060(*) da novela \u201cNovo Mundo\u201d, resumo de ter\u00e7a-feira, 30 de maio, Jacinto reconhece Joaquim, que \u00e9 perseguido pela mata. Domitila teme que Thomas a afaste de Dom Pedro. Ferdinando fica revoltado com Ubirajara. Diara tem uma ideia para provar o envolvimento de Thomas com Sebasti\u00e3o. Leopoldina implora que Dom Pedro n\u00e3o a deixe s\u00f3. Licurgo sente ci\u00fames ao ver Germana dan\u00e7ar com Bonif\u00e1cio. Lib\u00e9rio e Peter contam a Bonif\u00e1cio por que suspeitam do envolvimento de Thomas e Sebasti\u00e3o no atentado contra Dom Pedro. Ubirajara expulsa Piat\u00e3, Olinto e Ferdinando da aldeia. Domitila afirma a Francisco que far\u00e1 o que for necess\u00e1rio para ficar com Dom Pedro. Joaquim ouve a conversa de Thomas e Sebasti\u00e3o e descobre quem foi o mandante do atentado contra Dom Pedro.<\/p>\n<p>(*) edi\u00e7\u00e3o da Rede Globo, Novela \u201cNovo Mundo\u201d, sujeito a altera\u00e7\u00e3o de data e conte\u00fado.<\/p>\n<p>Novo Mundo \u00e9 uma telenovela brasileira produzida pela Rede Globo. Escrita por Thereza Falc\u00e3o e Alessandro Marson, conta com dire\u00e7\u00e3o art\u00edstica de Vin\u00edcius Coimbra. Conta com as participa\u00e7\u00f5es de Isabelle Drummond, Chay Suede, Caio Castro, Let\u00edcia Colin, Leo Jaime, D\u00e9bora Olivieri, Rodrigo Simas, Giullia Buscacio, Vivianne Pasmanter, Guilherme Piva, R\u00f4mulo Estrela, Agatha Moreira, Luisa Micheletti, Gabriel Braga Nunes, e Ingrid Guimar\u00e3es.<\/p>\n","protected":false},"excerpt":{"rendered":"<p>Resumo novela \u201cNovo Mundo\u201d 30\/05: no cap\u00edtulo 060(*) da novela \u201cNovo Mundo\u201d, resumo de ter\u00e7a-feira, 30 de maio, Jacinto reconhece Joaquim, que \u00e9 perseguido pela mata. Domitila teme que Thomas a afaste de Dom Pedro. Ferdinando fica revoltado com Ubirajara. Diara tem uma ideia para provar o envolvimento de Thomas com Sebasti\u00e3o. Leopoldina implora que [&hellip;]<\/p>\n","protected":false},"author":4,"featured_media":107950,"comment_status":"open","ping_status":"closed","sticky":false,"template":"","format":"standard","meta":{"tdm_status":"","tdm_grid_status":"","footnotes":""},"categories":[379,375,343],"tags":[441],"class_list":{"0":"post-114209","1":"post","2":"type-post","3":"status-publish","4":"format-standard","5":"has-post-thumbnail","7":"category-novelas","8":"category-rede-globo","9":"category-televisao","10":"tag-resumo-do-dia"},"_links":{"self":[{"href":"https:\/\/migracao.redenoticia.com.br\/noticia\/wp-json\/wp\/v2\/posts\/114209","targetHints":{"allow":["GET"]}}],"collection":[{"href":"https:\/\/migracao.redenoticia.com.br\/noticia\/wp-json\/wp\/v2\/posts"}],"about":[{"href":"https:\/\/migracao.redenoticia.com.br\/noticia\/wp-json\/wp\/v2\/types\/post"}],"author":[{"embeddable":true,"href":"https:\/\/migracao.redenoticia.com.br\/noticia\/wp-json\/wp\/v2\/users\/4"}],"replies":[{"embeddable":true,"href":"https:\/\/migracao.redenoticia.com.br\/noticia\/wp-json\/wp\/v2\/comments?post=114209"}],"version-history":[{"count":0,"href":"https:\/\/migracao.redenoticia.com.br\/noticia\/wp-json\/wp\/v2\/posts\/114209\/revisions"}],"wp:featuredmedia":[{"embeddable":true,"href":"https:\/\/migracao.redenoticia.com.br\/noticia\/wp-json\/wp\/v2\/media\/107950"}],"wp:attachment":[{"href":"https:\/\/migracao.redenoticia.com.br\/noticia\/wp-json\/wp\/v2\/media?parent=114209"}],"wp:term":[{"taxonomy":"category","embeddable":true,"href":"https:\/\/migracao.redenoticia.com.br\/noticia\/wp-json\/wp\/v2\/categories?post=114209"},{"taxonomy":"post_tag","embeddable":true,"href":"https:\/\/migracao.redenoticia.com.br\/noticia\/wp-json\/wp\/v2\/tags?post=114209"}],"curies":[{"name":"wp","href":"https:\/\/api.w.org\/{rel}","templated":true}]}}