{"id":114226,"date":"2017-05-30T15:40:55","date_gmt":"2017-05-30T18:40:55","guid":{"rendered":"https:\/\/www.redenoticia.com.br\/noticia\/?p=114226"},"modified":"2020-05-15T15:27:17","modified_gmt":"2020-05-15T18:27:17","slug":"novela-novo-mundo-anna-e-joaquim-reatam","status":"publish","type":"post","link":"https:\/\/migracao.redenoticia.com.br\/noticia\/2017\/novela-novo-mundo-anna-e-joaquim-reatam\/114226","title":{"rendered":"Novela &#8220;Novo Mundo&#8221;: Anna e Joaquim reatam"},"content":{"rendered":"<p> <img loading=\"lazy\" decoding=\"async\" src=\"https:\/\/migracao.redenoticia.com.br\/noticia\/imagens\/novo-mundo-300x300.jpg\" alt=\"\" width=\"300\" height=\"300\" class=\"aligncenter size-large wp-image-190257\" srcset=\"https:\/\/migracao.redenoticia.com.br\/noticia\/imagens\/novo-mundo-300x300.jpg 300w, https:\/\/migracao.redenoticia.com.br\/noticia\/imagens\/novo-mundo-187x187.jpg 187w, https:\/\/migracao.redenoticia.com.br\/noticia\/imagens\/novo-mundo-150x150.jpg 150w, https:\/\/migracao.redenoticia.com.br\/noticia\/imagens\/novo-mundo-140x140.jpg 140w, https:\/\/migracao.redenoticia.com.br\/noticia\/imagens\/novo-mundo-85x85.jpg 85w, https:\/\/migracao.redenoticia.com.br\/noticia\/imagens\/novo-mundo.jpg 608w\" sizes=\"auto, (max-width: 300px) 100vw, 300px\" \/> <strong><em>Novela &#8220;Novo Mundo&#8221;<\/em><\/strong>: Anna (Isabelle Drummond) e Joaquim (Chay Suede) se unam para conseguir provas dos crimes que Thomas (Gabriel Braga Nunes) cometeu e isso acaba aproximando o casal. Joaquim pede para que Anna deixe o marido e fuja com ele. A professora decide ficar pr\u00f3xima do marido para continuar investigando seus crimes, principalmente para descobrir se ele est\u00e1 envolvido com o sumi\u00e7o de seu pai. Joaquim diz que entende, mas que sente muito medo dela estar na mesma casa que o canalha.<\/p>\n<p>Cenas previstas para maio na novela &#8220;Novo Mundo&#8221;.<\/p>\n<p>Sinopse Novela &#8220;Novo Mundo&#8221;: Jovem ator de Commedia dell&#8217;Arte, Joaquim se apaixona completamente por Anna quando embarca no navio Real rumo ao Novo Mundo. Chegando ao Brasil, torna-se um her\u00f3i e defensor de Dom Pedro, al\u00e9m de grande entusiasta da Independ\u00eancia brasileira. &#8230; &#8220;Uma mulher fant\u00e1stica e poderosa&#8221;, assim era Maria Leopoldina, esposa do imperador Dom Pedro I na hist\u00f3ria do Brasil. E a Leopoldina retratada em Novo Mundo, a nova novela das 6, \u00e9 uma grande homenagem de Let\u00edcia Colin a esta figura t\u00e3o importante a partir do texto de Thereza Falc\u00e3o e Alessandro Marson e da dire\u00e7\u00e3o art\u00edstica de Vin\u00edcius Coimbra. A atriz mergulhou no universo da austr\u00edaca que se jogou neste pa\u00eds e abra\u00e7ou estas terras.<\/p>\n","protected":false},"excerpt":{"rendered":"<p>Novela &#8220;Novo Mundo&#8221;: Anna (Isabelle Drummond) e Joaquim (Chay Suede) se unam para conseguir provas dos crimes que Thomas (Gabriel Braga Nunes) cometeu e isso acaba aproximando o casal. Joaquim pede para que Anna deixe o marido e fuja com ele. A professora decide ficar pr\u00f3xima do marido para continuar investigando seus crimes, principalmente para [&hellip;]<\/p>\n","protected":false},"author":2,"featured_media":109552,"comment_status":"open","ping_status":"closed","sticky":false,"template":"","format":"standard","meta":{"tdm_status":"","tdm_grid_status":"","footnotes":""},"categories":[379,557,375,343],"tags":[440],"class_list":{"0":"post-114226","1":"post","2":"type-post","3":"status-publish","4":"format-standard","5":"has-post-thumbnail","7":"category-novelas","8":"category-novo-mundo","9":"category-rede-globo","10":"category-televisao","11":"tag-noticia-novela"},"_links":{"self":[{"href":"https:\/\/migracao.redenoticia.com.br\/noticia\/wp-json\/wp\/v2\/posts\/114226","targetHints":{"allow":["GET"]}}],"collection":[{"href":"https:\/\/migracao.redenoticia.com.br\/noticia\/wp-json\/wp\/v2\/posts"}],"about":[{"href":"https:\/\/migracao.redenoticia.com.br\/noticia\/wp-json\/wp\/v2\/types\/post"}],"author":[{"embeddable":true,"href":"https:\/\/migracao.redenoticia.com.br\/noticia\/wp-json\/wp\/v2\/users\/2"}],"replies":[{"embeddable":true,"href":"https:\/\/migracao.redenoticia.com.br\/noticia\/wp-json\/wp\/v2\/comments?post=114226"}],"version-history":[{"count":0,"href":"https:\/\/migracao.redenoticia.com.br\/noticia\/wp-json\/wp\/v2\/posts\/114226\/revisions"}],"wp:featuredmedia":[{"embeddable":true,"href":"https:\/\/migracao.redenoticia.com.br\/noticia\/wp-json\/wp\/v2\/media\/109552"}],"wp:attachment":[{"href":"https:\/\/migracao.redenoticia.com.br\/noticia\/wp-json\/wp\/v2\/media?parent=114226"}],"wp:term":[{"taxonomy":"category","embeddable":true,"href":"https:\/\/migracao.redenoticia.com.br\/noticia\/wp-json\/wp\/v2\/categories?post=114226"},{"taxonomy":"post_tag","embeddable":true,"href":"https:\/\/migracao.redenoticia.com.br\/noticia\/wp-json\/wp\/v2\/tags?post=114226"}],"curies":[{"name":"wp","href":"https:\/\/api.w.org\/{rel}","templated":true}]}}