{"id":114239,"date":"2017-05-31T00:04:04","date_gmt":"2017-05-31T03:04:04","guid":{"rendered":"https:\/\/www.redenoticia.com.br\/noticia\/?p=114239"},"modified":"2017-05-30T19:12:54","modified_gmt":"2017-05-30T22:12:54","slug":"labjor-abre-inscricoes-para-pos-graduacao-em-jornalismo-cientifico-2","status":"publish","type":"post","link":"https:\/\/migracao.redenoticia.com.br\/noticia\/2017\/labjor-abre-inscricoes-para-pos-graduacao-em-jornalismo-cientifico-2\/114239","title":{"rendered":"Labjor abre inscri\u00e7\u00f5es para p\u00f3s-gradua\u00e7\u00e3o em jornalismo cient\u00edfico"},"content":{"rendered":"<p> Ag\u00eancia FAPESP \u2013 O Laborat\u00f3rio de Estudos Avan\u00e7ados em Jornalismo (Labjor) da Universidade Estadual de Campinas (Unicamp) abriu as inscri\u00e7\u00f5es para o curso de p\u00f3s-gradua\u00e7\u00e3o lato sensu em <strong><em>Jornalismo Cient\u00edfico<\/em><\/strong>. As inscri\u00e7\u00f5es dever\u00e3o ser feitas eletronicamente at\u00e9 2 de junho de 2017. Interessados devem enviar texto com at\u00e9 tr\u00eas laudas sobre o tema: \u201cJornalismo cient\u00edfico em tempos de internet e redes sociais\u201d.<\/p>\n<p>As provas escrita e de profici\u00eancia em ingl\u00eas ser\u00e3o realizadas presencialmente no audit\u00f3rio 1 da antiga Ag\u00eancia para a Forma\u00e7\u00e3o Profissional da Unicamp, rua da Reitoria, n\u00ba 35, pr\u00e9dio da Reitoria 6, Cidade Universit\u00e1ria, Campinas.<\/p>\n<p>A entrevista ser\u00e1 realizada nas salas do Labjor, pr\u00e9dio V da reitoria, piso 3.<\/p>\n<p>A divulga\u00e7\u00e3o dos resultados da primeira fase ser\u00e1 em 12 de junho. O curso ter\u00e1 in\u00edcio em 7 de agosto.<\/p>\n<p>Mais informa\u00e7\u00f5es: .<\/p>\n<p>&#8212;<\/p>\n<p> X Edi\u00e7\u00e3o do Curso de p\u00f3s-gradua\u00e7\u00e3o lato sensu em jornalismo cient\u00edfico<\/p>\n<p>Processo seletivo 2017\/2018<\/p>\n<p>Per\u00edodo de inscri\u00e7\u00e3o: de 03 de abril a 02 de junho de 2017.<\/p>\n<p>1\u00aa fase<\/p>\n<p>Documentos devem ser enviados on-line:<\/p>\n<p> preenchido. Utilize o navegador Mozilla Firefox;<br \/>\nCurr\u00edculo;<br \/>\nTexto de autoria do candidato (m\u00e1ximo de tr\u00eas laudas) sobre o tema: \u201cJornalismo cient\u00edfico em tempos de internet e redes sociais\u201d.<\/p>\n<p>Divulga\u00e7\u00e3o dos resultados da 1\u00aa fase: 12 de junho de 2017<\/p>\n<p>2\u00aa fase<\/p>\n<p>Provas escrita e de profici\u00eancia em ingl\u00eas: 19\/06\/2017<\/p>\n<p>Entrevista: 30\/06\/2017<\/p>\n<p>Divulga\u00e7\u00e3o dos resultados: 03\/07\/2017<\/p>\n<p>In\u00edcio do curso: 07\/08\/2017<\/p>\n<p>Observa\u00e7\u00f5es<\/p>\n<p>As provas escrita e de profici\u00eancia em ingl\u00eas ser\u00e3o realizadas presencialmente no Audit\u00f3rio I, da antiga Ag\u00eancia para a Forma\u00e7\u00e3o Profissional da Unicamp \u2013 AFPU. Endere\u00e7o: Rua da Reitoria, n\u00ba 35, pr\u00e9dio da Reitoria 6, Cidade Universit\u00e1ria, CEP: 13083-872.<\/p>\n<p>A entrevista ser\u00e1 realizada nas salas do Labjor\/Unicamp, no Pr\u00e9dio V da reitoria \u2013 Piso 3 \u2013 CEP 13083-970 (Rua Seis de Agosto, n\u00ba 50).<\/p>\n","protected":false},"excerpt":{"rendered":"<p>Ag\u00eancia FAPESP \u2013 O Laborat\u00f3rio de Estudos Avan\u00e7ados em Jornalismo (Labjor) da Universidade Estadual de Campinas (Unicamp) abriu as inscri\u00e7\u00f5es para o curso de p\u00f3s-gradua\u00e7\u00e3o lato sensu em Jornalismo Cient\u00edfico. As inscri\u00e7\u00f5es dever\u00e3o ser feitas eletronicamente at\u00e9 2 de junho de 2017. Interessados devem enviar texto com at\u00e9 tr\u00eas laudas sobre o tema: \u201cJornalismo cient\u00edfico [&hellip;]<\/p>\n","protected":false},"author":2,"featured_media":36248,"comment_status":"open","ping_status":"closed","sticky":false,"template":"","format":"standard","meta":{"tdm_status":"","tdm_grid_status":"","footnotes":""},"categories":[22,351,370],"tags":[],"class_list":{"0":"post-114239","1":"post","2":"type-post","3":"status-publish","4":"format-standard","5":"has-post-thumbnail","7":"category-brasil","8":"category-cursos","9":"category-inscricao"},"_links":{"self":[{"href":"https:\/\/migracao.redenoticia.com.br\/noticia\/wp-json\/wp\/v2\/posts\/114239","targetHints":{"allow":["GET"]}}],"collection":[{"href":"https:\/\/migracao.redenoticia.com.br\/noticia\/wp-json\/wp\/v2\/posts"}],"about":[{"href":"https:\/\/migracao.redenoticia.com.br\/noticia\/wp-json\/wp\/v2\/types\/post"}],"author":[{"embeddable":true,"href":"https:\/\/migracao.redenoticia.com.br\/noticia\/wp-json\/wp\/v2\/users\/2"}],"replies":[{"embeddable":true,"href":"https:\/\/migracao.redenoticia.com.br\/noticia\/wp-json\/wp\/v2\/comments?post=114239"}],"version-history":[{"count":0,"href":"https:\/\/migracao.redenoticia.com.br\/noticia\/wp-json\/wp\/v2\/posts\/114239\/revisions"}],"wp:featuredmedia":[{"embeddable":true,"href":"https:\/\/migracao.redenoticia.com.br\/noticia\/wp-json\/wp\/v2\/media\/36248"}],"wp:attachment":[{"href":"https:\/\/migracao.redenoticia.com.br\/noticia\/wp-json\/wp\/v2\/media?parent=114239"}],"wp:term":[{"taxonomy":"category","embeddable":true,"href":"https:\/\/migracao.redenoticia.com.br\/noticia\/wp-json\/wp\/v2\/categories?post=114239"},{"taxonomy":"post_tag","embeddable":true,"href":"https:\/\/migracao.redenoticia.com.br\/noticia\/wp-json\/wp\/v2\/tags?post=114239"}],"curies":[{"name":"wp","href":"https:\/\/api.w.org\/{rel}","templated":true}]}}