{"id":114278,"date":"2017-05-31T00:07:06","date_gmt":"2017-05-31T03:07:06","guid":{"rendered":"https:\/\/www.redenoticia.com.br\/noticia\/?p=114278"},"modified":"2017-05-30T19:17:56","modified_gmt":"2017-05-30T22:17:56","slug":"novo-mecanismo-de-acao-inflamatoria-do-acido-urico-e-descrito","status":"publish","type":"post","link":"https:\/\/migracao.redenoticia.com.br\/noticia\/2017\/novo-mecanismo-de-acao-inflamatoria-do-acido-urico-e-descrito\/114278","title":{"rendered":"Novo mecanismo de a\u00e7\u00e3o inflamat\u00f3ria do \u00e1cido \u00farico \u00e9 descrito"},"content":{"rendered":"<p> Maria Fernanda Ziegler \u00a0| \u00a0Ag\u00eancia FAPESP \u2013 Tudo \u00e9 muito r\u00e1pido, quest\u00e3o de milissegundos. As rea\u00e7\u00f5es qu\u00edmicas entre o <strong><em>\u00e1cido \u00farico<\/em><\/strong> e enzimas presentes na corrente sangu\u00ednea s\u00e3o determinantes para desencadear processos inflamat\u00f3rios que acarretam problemas s\u00e9rios de sa\u00fade, como pedra nos rins, a gota e doen\u00e7as cardiovasculares como a aterosclerose.<\/p>\n<p>Mesmo em concentra\u00e7\u00f5es plasm\u00e1ticas (na parte l\u00edquida do sangue) consideradas normais, o \u00e1cido \u00farico pode iniciar uma rea\u00e7\u00e3o danosa aos tecidos. A descoberta foi feita por cientistas do Centro de Pesquisa em Processos Redox em Biomedicina (Redoxoma), um Centro de Pesquisa, Inova\u00e7\u00e3o e Difus\u00e3o (CEPID) apoiado pela FAPESP.<\/p>\n<p>Eles estudaram o mecanismo qu\u00edmico de como o \u00e1cido \u00farico \u00e9 transformado no organismo e como reage com outras prote\u00ednas. O resultado do trabalho, que identificou os principais alvos de rea\u00e7\u00e3o do \u00e1cido \u00farico, foi publicado em artigo no .<\/p>\n<p>Sabe-se que o ac\u00famulo de \u00e1cido \u00farico na corrente sangu\u00ednea forma uma esp\u00e9cie de \u201cpedrinha\u201d ou \u201ccristal\u201d que causa les\u00e3o nas articula\u00e7\u00f5es, resultando em uma inflama\u00e7\u00e3o profunda no tecido. Os pesquisadores do Redoxoma conseguiram provar que n\u00e3o precisa necessariamente ocorrer o processo de forma\u00e7\u00e3o de cristais para haver um efeito negativo no vaso sangu\u00edneo.<\/p>\n<p>\u201cO dano causado pelo \u00e1cido \u00farico \u00e9 silencioso, pois, mesmo que n\u00e3o esteja causando a gota, ele pode ser metabolizado por enzimas, as hemeperoxidases, produzindo intermedi\u00e1rios altamente reativos. Estes intermedi\u00e1rios s\u00e3o o radical livre do \u00e1cido \u00farico e o hidroper\u00f3xido de urato\u201d, disse , professora no Departamento de Bioqu\u00edmica do Instituto de Qu\u00edmica da USP.<\/p>\n<p>O hidroper\u00f3xido de urato \u00e9 um composto-chave para a inflama\u00e7\u00e3o vascular. Os pesquisadores do Redoxoma conseguiram demonstrar que este composto reage de forma r\u00e1pida e preferencial com as prote\u00ednas peroxirredoxinas, que s\u00e3o prote\u00ednas abundantes nas c\u00e9lulas sangu\u00edneas.<\/p>\n<p>\u201cPara identificar quais prote\u00ednas est\u00e3o mais sujeitas a reagir com o hidroper\u00f3xido de urato, nosso grupo observou e calculou o tempo para ocorrer a rea\u00e7\u00e3o entre o hidroper\u00f3xido de urato e essas prote\u00ednas\u201d, disse Meotti.<\/p>\n<p>A oxida\u00e7\u00e3o das peroxirredoxinas pelo hidroper\u00f3xido de urato pode afetar a fun\u00e7\u00e3o celular. \u201cA rea\u00e7\u00e3o entre peroxirredoxinas e hidroper\u00f3xido de urato pode alterar o padr\u00e3o de express\u00e3o de outras prote\u00ednas e deixar a c\u00e9lula mais apta a liberar mediadores pr\u00f3-inflamat\u00f3rios, alimentando um ciclo vicioso de resposta inflamat\u00f3ria\u201d, disse Meotti.<\/p>\n<p>Segundo a pesquisadora, demonstrar a produ\u00e7\u00e3o do hidroper\u00f3xido de urato na inflama\u00e7\u00e3o \u00e9 uma novidade. \u201cDurante a inflama\u00e7\u00e3o as c\u00e9lulas produzem uma s\u00e9rie de compostos oxidantes para combater os microrganismos invasores. A forma\u00e7\u00e3o do oxidante hidroper\u00f3xido de urato nessa mesma condi\u00e7\u00e3o \u00e9 in\u00e9dita e vem sendo pesquisada h\u00e1 oito anos pelo nosso grupo em colabora\u00e7\u00e3o com pesquisadores da Nova Zel\u00e2ndia\u201d, disse.<\/p>\n<p>A pesquisa tem a perspectiva de auxiliar no diagn\u00f3stico de les\u00f5es vasculares e at\u00e9 mesmo buscar alvos terap\u00eauticos para o uso na preven\u00e7\u00e3o de doen\u00e7as cardiovasculares.<\/p>\n<p>\u201cN\u00f3s realizamos pesquisa b\u00e1sica e, a partir de nossas descobertas, ser\u00e1 poss\u00edvel inserir um novo fator que ajude a predizer o risco de desenvolvimento de aterosclerose, al\u00e9m de propor alternativas para prevenir este quadro\u201d, disse Meotti.<\/p>\n<p>O efeito paradoxal do \u00e1cido \u00farico<\/p>\n<p>O \u00e1cido \u00farico \u00e9 um produto da degrada\u00e7\u00e3o dos \u00e1cidos nucleicos (DNA e RNA). Durante sua evolu\u00e7\u00e3o, o ser humano deixou de expressar a enzima que degrada \u00e1cido \u00farico e passou a acumul\u00e1-lo no sangue.<\/p>\n<p>\u201cEssa caracter\u00edstica evolutiva sempre foi considerada uma vantagem, pois o \u00e1cido \u00farico tem propriedade antioxidante, ou seja, \u00e9 capaz de doar el\u00e9trons, combatendo os radicais livres e outras subst\u00e2ncias oxidantes. Por outro lado, ao doar apenas um el\u00e9tron de sua camada de val\u00eancia, rea\u00e7\u00e3o que ocorre com as hemeperoxidases, o \u00e1cido \u00farico em si se torna um radical livre\u201d, disse Meotti.<\/p>\n<p>\u201cA combina\u00e7\u00e3o deste radical livre com o super\u00f3xido forma, ent\u00e3o, o hidroper\u00f3xido de urato. Ambos, radical livre de \u00e1cido \u00farico e hidroper\u00f3xido de urato s\u00e3o, paradoxalmente ao \u00e1cido \u00farico, dois potentes oxidantes\u201d, disse.<\/p>\n<p>O artigo Urate hydroperoxide oxidizes human peroxiredoxin 1 and peroxiredoxin 2 (doi: 10.1074\/jbc.M116.767657), de Larissa A. C. Carvalho, Daniela R. Truzzi, Thamiris S. Fallani, Simone V. Alves, Jose Carlos Toledo Junior, Ohara Augusto, Luis E. S. Netto e Flavia C. Meotti, pode ser lido em .<\/p>\n","protected":false},"excerpt":{"rendered":"<p>Maria Fernanda Ziegler \u00a0| \u00a0Ag\u00eancia FAPESP \u2013 Tudo \u00e9 muito r\u00e1pido, quest\u00e3o de milissegundos. As rea\u00e7\u00f5es qu\u00edmicas entre o \u00e1cido \u00farico e enzimas presentes na corrente sangu\u00ednea s\u00e3o determinantes para desencadear processos inflamat\u00f3rios que acarretam problemas s\u00e9rios de sa\u00fade, como pedra nos rins, a gota e doen\u00e7as cardiovasculares como a aterosclerose. Mesmo em concentra\u00e7\u00f5es plasm\u00e1ticas [&hellip;]<\/p>\n","protected":false},"author":2,"featured_media":37376,"comment_status":"open","ping_status":"closed","sticky":false,"template":"","format":"standard","meta":{"tdm_status":"","tdm_grid_status":"","footnotes":""},"categories":[22,5],"tags":[],"class_list":{"0":"post-114278","1":"post","2":"type-post","3":"status-publish","4":"format-standard","5":"has-post-thumbnail","7":"category-brasil","8":"category-saude-e-vida"},"_links":{"self":[{"href":"https:\/\/migracao.redenoticia.com.br\/noticia\/wp-json\/wp\/v2\/posts\/114278","targetHints":{"allow":["GET"]}}],"collection":[{"href":"https:\/\/migracao.redenoticia.com.br\/noticia\/wp-json\/wp\/v2\/posts"}],"about":[{"href":"https:\/\/migracao.redenoticia.com.br\/noticia\/wp-json\/wp\/v2\/types\/post"}],"author":[{"embeddable":true,"href":"https:\/\/migracao.redenoticia.com.br\/noticia\/wp-json\/wp\/v2\/users\/2"}],"replies":[{"embeddable":true,"href":"https:\/\/migracao.redenoticia.com.br\/noticia\/wp-json\/wp\/v2\/comments?post=114278"}],"version-history":[{"count":0,"href":"https:\/\/migracao.redenoticia.com.br\/noticia\/wp-json\/wp\/v2\/posts\/114278\/revisions"}],"wp:featuredmedia":[{"embeddable":true,"href":"https:\/\/migracao.redenoticia.com.br\/noticia\/wp-json\/wp\/v2\/media\/37376"}],"wp:attachment":[{"href":"https:\/\/migracao.redenoticia.com.br\/noticia\/wp-json\/wp\/v2\/media?parent=114278"}],"wp:term":[{"taxonomy":"category","embeddable":true,"href":"https:\/\/migracao.redenoticia.com.br\/noticia\/wp-json\/wp\/v2\/categories?post=114278"},{"taxonomy":"post_tag","embeddable":true,"href":"https:\/\/migracao.redenoticia.com.br\/noticia\/wp-json\/wp\/v2\/tags?post=114278"}],"curies":[{"name":"wp","href":"https:\/\/api.w.org\/{rel}","templated":true}]}}