{"id":114280,"date":"2017-05-31T00:06:31","date_gmt":"2017-05-31T03:06:31","guid":{"rendered":"https:\/\/www.redenoticia.com.br\/noticia\/?p=114280"},"modified":"2017-05-30T19:17:45","modified_gmt":"2017-05-30T22:17:45","slug":"mis-sp-abre-inscricoes-para-cursos-de-ferias-em-cinema-e-fotografia","status":"publish","type":"post","link":"https:\/\/migracao.redenoticia.com.br\/noticia\/2017\/mis-sp-abre-inscricoes-para-cursos-de-ferias-em-cinema-e-fotografia\/114280","title":{"rendered":"MIS SP abre inscri\u00e7\u00f5es para cursos de f\u00e9rias em cinema e fotografia"},"content":{"rendered":"<p> O MIS (Museu da Imagem e do Som), da Secretaria de Estado da Cultura, est\u00e1 com inscri\u00e7\u00f5es abertas para <strong><em>cursos de f\u00e9rias, no m\u00eas de Julho, sobre fotografia e cinema<\/em><\/strong>. Na programa\u00e7\u00e3o, h\u00e1 cursos para aficionados da s\u00e9rie Star Wars, \u201cStar Wars: Uma Nova Leitura\u201d, s\u00e9ries de TV e trilhas sonoras, al\u00e9m de cursos pr\u00e1ticos, sobre Photoshop, Narrativas e T\u00e9cnicas de Edi\u00e7\u00e3o, Ilumina\u00e7\u00e3o Pr\u00e1tica, entre outros.<\/p>\n<p>As inscri\u00e7\u00f5es devem ser feitas pelo da Secretaria de Estado da Cultura. Confira  a \u00edntegra da programa\u00e7\u00e3o.<\/p>\n<p>Do Portal do Governo SP<br \/>\n&#8212;<\/p>\n<p>Servi\u00e7o<\/p>\n<p>Cursos de F\u00e9rias 2017 &#8211; Julho<br \/>\nINSCRI\u00c7\u00d5ES no site <\/p>\n<p>Museu da Imagem e do Som \u2013 MIS<br \/>\nAvenida Europa, 158, Jardim Europa, S\u00e3o Paulo | (11) 2117 4777 |<br \/>\nEstacionamento conveniado: R$ 18<br \/>\nAcesso e elevador para cadeirantes. Ar condicionado.<\/p>\n<p>Curso: Photoshop<br \/>\nData: de 04 a 25 de julho de 2017 (07 encontros)<br \/>\nHor\u00e1rio: de 3\u00aa e 5\u00aa feira, das 9h \u00e0s 12h<br \/>\nLocal: Sala de workshop (12 vagas)<br \/>\nValor: R$240,00<br \/>\nSinopse: O curso de Photoshop b\u00e1sico, tem o objetivo de fornecer um panorama completo das principais ferramentas de edi\u00e7\u00e3o e tratamento de imagens. Tem por meta levantar aspectos sobre a import\u00e2ncia da capta\u00e7\u00e3o fotogr\u00e1fica nos processos iniciais da imagem e suas influ\u00eancias na p\u00f3s-produ\u00e7\u00e3o. Durante o curso ser\u00e3o levantadas quest\u00f5es sobre o impacto da imagem digital nas novas m\u00eddias e a import\u00e2ncia que o programa tem no mercado atual.<br \/>\nSobre o professor: Marcello Minemoto \u00e9 designer, com forma\u00e7\u00e3o em publicidade e propaganda pela Belas Artes. Trabalha h\u00e1 quatro anos na revista Veja como designer e ministrou os cursos de: Fotografia &#8211; Negativo ao Digital e Photoshop na Belas Artes. \u00a0Premia\u00e7\u00f5es na categoria: Pr\u00eamio Abril de Jornalismo (2014) e Pr\u00eamio de melhor aplicativo\/ Apple 2014.<\/p>\n<p>Curso: Narrativas e t\u00e9cnicas de edi\u00e7\u00e3o (Premiere CS6)<br \/>\nData: de 03 a 19 de julho de 2017 (06 encontros)<br \/>\nHor\u00e1rio: de 2\u00aa e 4\u00aa feira, das 9h \u00e0s 12h<br \/>\nLocal: Sala de workshop (12 vagas)<br \/>\nValor: R$200,00<br \/>\nSinopse: O curso \u00e9 direcionado para pessoas interessadas em contar uma hist\u00f3ria usando ferramentas de edi\u00e7\u00e3o de v\u00eddeos. Durante o processo, o aluno ter\u00e1 contato com conceitos te\u00f3ricos da linguagem audiovisual e ir\u00e1 aprender usar programas de edi\u00e7\u00e3o, de maneira que possa criar ao final de 06 aulas, v\u00eddeos com uma estrutura narrativa de come\u00e7o, meio e fim.<br \/>\nSobre o professor: Formado em Imagem e Som pela UFSCar, Alexandre Oliveira atua em diversas \u00e1reas do audiovisual. Dirigiu e editou s\u00e9ries documentais para TV como \u2018Discoteca MTV\u2019 e \u2018Mochil\u00e3o MTV\u2019, foi co-diretor das transmiss\u00f5es ao vivo dos Festivais SP Mix Festival, entre outros. Atualmente, coordenador da \u00e1rea de v\u00eddeo da revista Veja.<\/p>\n<p>Curso: Star Wars: Uma Nova Leitura<br \/>\nData: de 24 a 27 de julho de 2017 (04 encontros)<br \/>\nHor\u00e1rio: de2\u00aa, 3\u00aa, 4\u00aa e 5\u00aa feira, das 20h \u00e0s 22h<br \/>\nLocal: Audit\u00f3rio LABMIS (64 lugares)<br \/>\nValor: R$80<br \/>\nSinopse: Qualquer f\u00e3 de Guerra nas Estrelas (ou Star Wars) pode expressar, em poucas palavras, o fasc\u00ednio causado pela s\u00e9rie de filmes de George Lucas. Suas m\u00e1quinas, planetas e idiomas imagin\u00e1rios constroem um cen\u00e1rio riqu\u00edssimo, cheio de possibilidades e encantamento. Contudo, n\u00e3o se tratam apenas de boas hist\u00f3rias de fic\u00e7\u00e3o cient\u00edfica: em cada filme, \u00e9 poss\u00edvel encontrar refer\u00eancias a mitos, lendas, teologia, filosofia e ci\u00eancia pol\u00edtica que provocam muito mais do que boas risadas, e sim uma inspira\u00e7\u00e3o real a compreender nosso planeta de forma ainda mais enriquecedora. Em quatro encontros, exploraremos as diversas possibilidades que os filmes possuem, dando a essas tem\u00e1ticas a profundidade que merecem \u2013e que os longas, habilmente, nos mostram de maneira sutil.<br \/>\nAULA 1: Star Wars como mito moderno<br \/>\nAULA 2: Pol\u00edtica e poder<br \/>\nAULA 3: A estrutura religiosa em Star Wars<br \/>\nAULA 4: filosofia em Star Wars<br \/>\nSobre a professora: Cl\u00e1udia Fusco \u00e9 jornalista e mestre em Science FictionStudies pela Universidade de Liverpool, Inglaterra. \u00c9 pesquisadora de mitos, folclore, contos de fadas e literatura especulativa. Colaborou para o especial de fic\u00e7\u00e3o cient\u00edfica da revista Mundo Estranho e foi colunista do site Contravers\u00e3o, escrevendo semanalmente sobre j\u00e1 participou de confer\u00eancias internacionais. Ministrou aulas no MIS, USP, Casa do Saber, Youpix (por voto popular), entre outros.<\/p>\n<p>Curso: Fotografia na pr\u00e1tica<br \/>\nData: de 03 a 14 julho de 2017 (06 encontros)<br \/>\nHor\u00e1rio: de 2\u00aa, 4\u00aa e 6\u00aa feira, das 18h \u00e0s 21h<br \/>\nLocal: Sala de interfaces (20 vagas)<br \/>\nValor: R$150,00<br \/>\nMaterial para o curso: Cada aluno dever\u00e1 trazer a sua m\u00e1quina e para melhor aproveitamento do conte\u00fado program\u00e1tico \u00e9 aconselh\u00e1vel os modelos que tenham fun\u00e7\u00f5es manuais com prioridade para abertura e velocidade.<br \/>\nSinopse: Curso b\u00e1sico de fotografia para pessoas que buscam aprender a manusear o seu equipamento e, assim, aproveitar ao m\u00e1ximo seus recursos. Ao final do curso, os participantes far\u00e3o uma apresenta\u00e7\u00e3o com fotografias impressas ou digitais.<br \/>\nSobre o professor: Marcelo Andrade \u00e9 publicit\u00e1rio especializado em fotografia. J\u00e1 fotografou para \u00a0diversas editoras, ag\u00eancias de publicidade, e fotografa em seu est\u00fadio atores, modelos, fam\u00edlias, crian\u00e7as, personalidades e assim por diante. Ensina a todos que gostam de fotografia e querem fotografar cada vez melhor. Foi professor na Escola de Fotografia Riguardare, no SENAC e em cursos e workshops oferecidos no Est\u00fadio H2O onde \u00e9 o fot\u00f3grafo chefe e propriet\u00e1rio. Conhe\u00e7a mais sobre seu trabalho em WWW.marceloandrade.com.br<\/p>\n<p>Curso: Fotografia de retrato<br \/>\n\u201cA portrait! What could be more simple and more complex, more obvious and more profound.\u201d \u2014 Charles Baudelaire<br \/>\nData: de 03 a 19 de julho de 2017 (06 encontros)<br \/>\nHor\u00e1rio: de 2\u00aa e 4\u00aa feira, das 9h \u00e0s 12h<br \/>\nLocal: Sala de interfaces (20 vagas)<br \/>\nValor: R$150,00<br \/>\nPr\u00e9 requisitos: O aluno deve possuir conhecimento nas fun\u00e7\u00f5es b\u00e1sicas da c\u00e2mera no modo criativo: ISO, Velocidade do Obturador, Abertura do Diafragma, Fotometria, Diferen\u00e7a entre arquivo RAW e JPEG e \u00a0Balan\u00e7o de Brancos.<br \/>\nSinopse: O curso proporciona aos alunos, atrav\u00e9s da an\u00e1lise dos autores de refer\u00eancia, conhecimento t\u00e9cnico, sensibiliza\u00e7\u00e3o e aproxima\u00e7\u00e3o de um fot\u00f3grafo de retratos, combinando o te\u00f3rico com o pr\u00e1tico\/t\u00e9cnico. O Objetivo \u00e9 desenvolver a capacidade de analisar uma fotografia, n\u00e3o s\u00f3 do ponto de vista t\u00e9cnico, mas tamb\u00e9m da compreens\u00e3o est\u00e9tica e conceitual, a import\u00e2ncia da escolha do conte\u00fado, composi\u00e7\u00e3o e ilumina\u00e7\u00e3o do est\u00fadio, externa (luz natural) e todos os elementos b\u00e1sicos para atingir um retrato. Os alunos poder\u00e3o aperfei\u00e7oar a t\u00e9cnica, ampliando o conhecimento do instrumento fotogr\u00e1fico.<br \/>\nSobre a professora: Melissa Szymanski \u00e9 fot\u00f3grafa, formada e p\u00f3s graduada pela Faculdade Santa Marcelina. Participou de diversos cursos em Mil\u00e3o nas \u00e1reas de Fotografia de Moda e Still Life. Trabalhou na Revista Italiana Moda Pelle na execu\u00e7\u00e3o de editorias e publicidade. Atua como docente de Fotografia na FASM, IED &#8211; Instituto Europeo di Design. Ministrou durante sete anos aulas de fotografia na Escola S\u00e3o Paulo nas \u00e1reas de Moda, No\u00e7\u00f5es B\u00e1sicas e Intermedi\u00e1rio. Coordenou o Workshop de Fotografia: Di Cavalcanti, Anita Malfatti e Tarsila do Amaral pela Oficinas Culturais do Estado de S\u00e3o Paulo.<br \/>\nSite oficial: www.melissaszymanski.com<\/p>\n<p>Curso: Ilumina\u00e7\u00e3o b\u00e1sica<br \/>\nData: de 17 a 28 de julho de 2017 (06 encontros)<br \/>\nHor\u00e1rio: de 2\u00aa, 4\u00aa e 6\u00aa feira, das 18h \u00e0s 21h<br \/>\nLocal: Sala de interfaces (20 vagas)<br \/>\nValor: R$150<br \/>\nPr\u00e9-requisitos: Cada aluno dever\u00e1 trazer a sua c\u00e2mera DSLR e saber utilizar velocidade, abertura e ISO.<br \/>\nSinopse: Curso de ilumina\u00e7\u00e3o voltado para as pessoas que j\u00e1 fotografam no seu dia a dia e gostariam de entender melhor sobre ilumina\u00e7\u00e3o e suas principais utiliza\u00e7\u00f5es.<br \/>\nAtrav\u00e9s de propostas pr\u00e1ticas, os participantes ter\u00e3o contato com v\u00e1rios temas da fotografia e ir\u00e3o iluminar e aprender a manusear os equipamento de ilumina\u00e7\u00e3o artificial e a lidar em situa\u00e7\u00f5es de ilumina\u00e7\u00e3o natural e ambiente.<br \/>\nEm aulas externas ou com ilumina\u00e7\u00e3o de est\u00fadio o participante vai aprender a lidar com as diversas formas de iluminar e aproveitar o melhor da ilumina\u00e7\u00e3o.<br \/>\nSobre o professor: Marcelo Andrade \u00e9 publicit\u00e1rio especializado em fotografia. J\u00e1 fotografou para \u00a0diversas editoras, ag\u00eancias de publicidade, e fotografa em seu est\u00fadio atores, modelos, fam\u00edlias, crian\u00e7as, personalidades e assim por diante. Ensina a todos que gostam de fotografia e querem fotografar cada vez melhor. Foi professor na Escola de Fotografia Riguardare, no SENAC e em cursos e workshops oferecidos no Est\u00fadio H2O onde \u00e9 o fot\u00f3grafo chefe e propriet\u00e1rio. Conhe\u00e7a mais sobre seu trabalho em www.marceloandrade.com.br.<\/p>\n<p>Curso: Hist\u00f3ria do Cinema Brasileiro<br \/>\nData: de 17 a 21 de julho (05 encontros)<br \/>\nHor\u00e1rio: durante toda a semana, das 19h \u00e0s 22h<br \/>\nLocal: Audit\u00f3rio LABMIS (64 vagas)<br \/>\nValor: R$100,00<br \/>\nSinopse: \u00c9 um estudo sobre a evolu\u00e7\u00e3o do cinema no Brasil, passando por todas as suas fases, do surgimento, do cinema mudo, os ciclos regionais, a chegada do som e a primeira fase de ouro, o cinema de est\u00fadios, a Atl\u00e2ntida, a Cin\u00e9dia e tantos outros, o Caso Vera Cruz, os movimentos como o Cinema Novo e o Cinema Marginal, a Pornochanchada, a embrafilme, os anos de censura, e a Retomada.<br \/>\nSobre o professor: Formado em jornalismo pela PUC-SP em 1989, Marcelo Lyra passou por quase todas as editorias de jornais at\u00e9 chegar ao Caderno 2 do Jornal O Estado de S. Paulo, em 1999, quando inicia-se como cr\u00edtico de cinema. Foi sub-editor do caderno de TV do Jornal da Tarde e colaborador das seguintes publica\u00e7\u00f5es, sempre na \u00e1rea de cinema: Jornal da Tarde, Jornal do Brasil, Revista de Cinema, Revista Ver V\u00eddeo, revista Bizz e outros. Atualmente \u00e9 cr\u00edtico do jornal Valor Econ\u00f4mico, da revista L\u00edngua Portuguesa e do site Cinequanon.<br \/>\n\u00c9 autor do livro \u201cCinema Como Raz\u00e3o de Viver. Cursou Edi\u00e7\u00e3o, Roteiro, Hist\u00f3ria da Cr\u00edtica e Cr\u00edtica do Audiovisual na ECA-USP. Atua tamb\u00e9m como rep\u00f3rter de cinema, tendo acompanhado os sets de filmagem de mais de 30 filmes, de diretores como Ruy Guerra, Walter Carvalho, Tata Amaral, Ugo Giorgetti, e outros, especialmente Carlos Reichenbach, onde esteve no set por v\u00e1rias vezes, para escrever sua biografia.<\/p>\n<p>Curso: Desvendando as S\u00e9ries de TV<br \/>\nData: de 03 a 06 de julho de 2017 (04 encontros)<br \/>\nHor\u00e1rio: de 2\u00aa, 3\u00aa, 4\u00aa e 5\u00aa feira, das 19h \u00e0s 22h<br \/>\nLocal: Audit\u00f3rio LABMIS (64 vagas)<br \/>\nValor: R$80,00<br \/>\nSinopse: Atrav\u00e9s da an\u00e1lise de pilotos e epis\u00f3dios regulares de diferentes s\u00e9ries, os alunos v\u00e3o compreender quais s\u00e3o os elementos que fazem uma s\u00e9rie de sucesso e conhecer\u00e3o as t\u00e9cnicas de roteiro que garantem a aten\u00e7\u00e3o do espectador desde a primeira cena at\u00e9 o \u00faltimo epis\u00f3dio da \u00faltima temporada. \u00a0Al\u00e9m de trechos de outras produ\u00e7\u00f5es, ser\u00e3o analisadas as s\u00e9ries: Breaking Bad, The Good Wife e 30 Rock.<br \/>\nSobre o professor: Ricardo Grynszpan \u00e9 roteirista e professor. Escreveu a mini-s\u00e9rie &#8220;Z\u00e9 do Caix\u00e3o&#8221; (TNT e Space), eleita Melhor Produ\u00e7\u00e3o Art\u00edstica de 2015 no Festival Internacional de Televis\u00e3o de S\u00e3o Paulo e epis\u00f3dios das s\u00e9ries &#8220;Lili, a ex&#8221; e &#8220;Tempero Secreto&#8221;, ambas na GNT. Tamb\u00e9m fez parte das equipes de roteiro das s\u00e9ries de anima\u00e7\u00e3o &#8220;Osmar, a Primeira fatia do P\u00e3o de Forma&#8221; (Gloob e Cultura), &#8220;Os Underundergrounds&#8221; (Nickelodeon) e Boris e Rufus (Disney). Escreveu junto com Newton Cannito o longa &#8220;Magal e os Formigas&#8221; e com Ariane Porto &#8220;O Crime da Cabra&#8221;, ambos com estr\u00e9ia prevista para 2017. No r\u00e1dio, escreve juntamente com Felipe Xavier o programa de humor &#8220;Chuchu Beleza&#8221;, transmitido diariamente pela R\u00e1dio Jovem Pan FM. \u00c9 professor de Roteiro para TV da Academia Internacional de Cinema de S\u00e3o Paulo.<\/p>\n<p>Curso: Sound Design para cinema &#8211; M\u00f3dulo b\u00e1sico<br \/>\nData: de 17 a 31 de julho de 2017 (05 encontros)<br \/>\nHor\u00e1rio: de 2\u00aa e 4\u00aa feira, das 19h \u00e0s 22h<br \/>\nLocal: Sala interfaces (12 vagas)<br \/>\nValor: R$180,00<br \/>\nPr\u00e9- Requisitos: \u00c9 necess\u00e1rio ter conhecimento b\u00e1sico em inform\u00e1tica e Adobe Audition CS6 devido a utiliza\u00e7\u00e3o do software para edi\u00e7\u00e3o b\u00e1sica de arquivos que ser\u00e3o apresentadas no curso.<br \/>\nSinopse: O Curso B\u00e1sico de Sound Design para Cinema em Adobe Audition CS6 \u00e9 destinado \u00e0 todas as pessoas que desejam conhecer mais sobre a import\u00e2ncia do som dentro do cinema. O Curso habilitar\u00e1 o aluno a construir uma narrativa sonora para diferentes v\u00eddeos utilizando ferramentas b\u00e1sicas da plataforma Adobe Audition CS6. Introduzindo, tamb\u00e9m, a cria\u00e7\u00e3o e a utiliza\u00e7\u00e3o de efeitos sonoros (foleys) que podem ser encontrados em bibliotecas de \u00e1udio online e gratuitas. Tamb\u00e9m ser\u00e1 introduzida a composi\u00e7\u00e3o de uma narrativa sonora a partir de um roteiro cinematogr\u00e1fico onde poder\u00e1 ser observada que a import\u00e2ncia do som no cinema vai al\u00e9m da p\u00f3s-produ\u00e7\u00e3o sendo pensada antes mesmo das filmagens dentro da cria\u00e7\u00e3o de um roteiro.<br \/>\nSobre a professora: Thais Maestrello \u00e9 Sound Designer, Editora e Produtora. Foi durante o curso de Produ\u00e7\u00e3o Musical pela Universidade Anhembi Morumbi que descobriu sua paix\u00e3o por edi\u00e7\u00e3o e sonoplastia. Atualmente estuda Produ\u00e7\u00e3o Editorial com \u00eanfase em Multimeios, munida do desejo de expandir conhecimentos e unir paix\u00f5es: a Literatura e o Audiovisual. Integrante do Coletivo A Caixa, como Editora de Conte\u00fado e Produtora Executiva dos diversos projetos do Coletivo.<\/p>\n<p>Curso: A m\u00fasica do filme<br \/>\nData: de 10 a 14 de julho de 2017 (05 encontros)<br \/>\nHor\u00e1rio: 2\u00aa, 3\u00aa, 4\u00aa, 5\u00aa e 6\u00aa feira, das 19h \u00e0s 22h<br \/>\nLocal: Audit\u00f3rio LABMIS<br \/>\nVagas: 64 pessoas<br \/>\nValor: R$100,00<br \/>\nP\u00fablico Alvo: Dirigido a todos os interessados em desenvolver ferramentas para a aprecia\u00e7\u00e3o do cinema, sem necessidade de conhecimento espec\u00edfico sobre o assunto.<br \/>\nSinopse: A m\u00fasica de cinema carrega em si um mist\u00e9rio e um poder dif\u00edceis de se descrever. Como pensar no famoso discurso de Scarlett O\u00b4Hara, em E o Vento Levou, sem a cl\u00e1ssica melodia do tema musical? Ou o suspense de Tubar\u00e3o, sem as marcantes duas notas? O curso busca estimular a compreens\u00e3o dessa poderosa ferramenta dram\u00e1tica com aulas expositivas, exibi\u00e7\u00e3o de trechos de filmes e m\u00fasicas, e utiliza\u00e7\u00e3o de recursos audiovisuais para experimenta\u00e7\u00e3o da constru\u00e7\u00e3o de trilha sonora para filmes.<br \/>\nSobre o ministrante: Tony Berchmans \u00e9 autor do livro \u201cA M\u00fasica do Filme \u2013 Tudo o que voc\u00ea gostaria de saber sobre a m\u00fasica de cinema\u201d. Compositor e produtor musical, iniciou sua forma\u00e7\u00e3o musical aos 7 anos de idade tendo estudado piano, violoncelo, flauta e teoria musical. Ingressou na \u00e1rea de produ\u00e7\u00e3o musical como tecladista, compositor e t\u00e9cnico de grava\u00e7\u00e3o. Engenheiro p\u00f3s-graduado em Comunica\u00e7\u00e3o pela ESPM-SP, desde 1992 trabalha no mercado de produ\u00e7\u00e3o fonogr\u00e1fica, coordenando, compondo e produzindo som para r\u00e1dio, tv, cinema, internet em centenas de projetos.<\/p>\n<p>Fonte: Museu da Imagem e do Som \u2013 MIS<\/p>\n","protected":false},"excerpt":{"rendered":"<p>O MIS (Museu da Imagem e do Som), da Secretaria de Estado da Cultura, est\u00e1 com inscri\u00e7\u00f5es abertas para cursos de f\u00e9rias, no m\u00eas de Julho, sobre fotografia e cinema. Na programa\u00e7\u00e3o, h\u00e1 cursos para aficionados da s\u00e9rie Star Wars, \u201cStar Wars: Uma Nova Leitura\u201d, s\u00e9ries de TV e trilhas sonoras, al\u00e9m de cursos pr\u00e1ticos, [&hellip;]<\/p>\n","protected":false},"author":2,"featured_media":28951,"comment_status":"open","ping_status":"closed","sticky":false,"template":"","format":"standard","meta":{"tdm_status":"","tdm_grid_status":"","footnotes":""},"categories":[22,351,370],"tags":[],"class_list":{"0":"post-114280","1":"post","2":"type-post","3":"status-publish","4":"format-standard","5":"has-post-thumbnail","7":"category-brasil","8":"category-cursos","9":"category-inscricao"},"_links":{"self":[{"href":"https:\/\/migracao.redenoticia.com.br\/noticia\/wp-json\/wp\/v2\/posts\/114280","targetHints":{"allow":["GET"]}}],"collection":[{"href":"https:\/\/migracao.redenoticia.com.br\/noticia\/wp-json\/wp\/v2\/posts"}],"about":[{"href":"https:\/\/migracao.redenoticia.com.br\/noticia\/wp-json\/wp\/v2\/types\/post"}],"author":[{"embeddable":true,"href":"https:\/\/migracao.redenoticia.com.br\/noticia\/wp-json\/wp\/v2\/users\/2"}],"replies":[{"embeddable":true,"href":"https:\/\/migracao.redenoticia.com.br\/noticia\/wp-json\/wp\/v2\/comments?post=114280"}],"version-history":[{"count":0,"href":"https:\/\/migracao.redenoticia.com.br\/noticia\/wp-json\/wp\/v2\/posts\/114280\/revisions"}],"wp:featuredmedia":[{"embeddable":true,"href":"https:\/\/migracao.redenoticia.com.br\/noticia\/wp-json\/wp\/v2\/media\/28951"}],"wp:attachment":[{"href":"https:\/\/migracao.redenoticia.com.br\/noticia\/wp-json\/wp\/v2\/media?parent=114280"}],"wp:term":[{"taxonomy":"category","embeddable":true,"href":"https:\/\/migracao.redenoticia.com.br\/noticia\/wp-json\/wp\/v2\/categories?post=114280"},{"taxonomy":"post_tag","embeddable":true,"href":"https:\/\/migracao.redenoticia.com.br\/noticia\/wp-json\/wp\/v2\/tags?post=114280"}],"curies":[{"name":"wp","href":"https:\/\/api.w.org\/{rel}","templated":true}]}}