{"id":11429,"date":"2009-09-12T11:11:45","date_gmt":"2009-09-12T15:11:45","guid":{"rendered":"http:\/\/www.redenoticia.com.br\/noticia\/?p=11429"},"modified":"2009-09-12T11:11:45","modified_gmt":"2009-09-12T15:11:45","slug":"mec-laboratorios-moveis-inovam-na-educacao-profissional-a-distancia","status":"publish","type":"post","link":"https:\/\/migracao.redenoticia.com.br\/noticia\/2009\/mec-laboratorios-moveis-inovam-na-educacao-profissional-a-distancia\/11429","title":{"rendered":"MEC &#8211; Laborat\u00f3rios m\u00f3veis inovam na educa\u00e7\u00e3o profissional a dist\u00e2ncia"},"content":{"rendered":"<p><strong>MEC<\/strong> &#8211; Estudantes dos cursos t\u00e9cnicos de n\u00edvel m\u00e9dio a dist\u00e2ncia do Programa Escola Aberta T\u00e9cnica do Brasil (<strong>e-Tec<\/strong>) ter\u00e3o laborat\u00f3rios m\u00f3veis para pr\u00e1ticas profissionalizantes. S\u00e3o 19 modelos de laborat\u00f3rios did\u00e1ticos em \u00e1reas como eletroeletr\u00f4nica, agroind\u00fastria, biocombust\u00edveis, enfermagem, mec\u00e2nica e agropecu\u00e1ria.\u00a0Os laborat\u00f3rios ser\u00e3o instalados em caminh\u00f5es. O projeto foi desenvolvido pelo Centro de Forma\u00e7\u00e3o de Recursos Humanos em Transportes, da Universidade de Bras\u00edlia (UnB) e alia tecnologia e multifuncionalidade. Todos os laborat\u00f3rios ter\u00e3o instala\u00e7\u00f5es de \u00e1gua, esgoto e g\u00e1s, al\u00e9m de ar-condicionado, energia el\u00e9trica e tamb\u00e9m rede de ar comprimido.\u00a0<br \/>\nO ministro da Educa\u00e7\u00e3o, Fernando Haddad, disse que o laborat\u00f3rio poder\u00e1 beneficiar n\u00e3o s\u00f3 aos alunos, mas tamb\u00e9m a comunidade escolar. \u201cOs problemas dent\u00e1rios e oculares s\u00e3o os mais comuns na sa\u00fade dos estudantes e atrapalham muito no processo de aprendizagem. Com este espa\u00e7o flex\u00edvel podemos oferecer estes atendimentos, em parceria com o Minist\u00e9rio da Sa\u00fade\u201d, afirmou.<\/p>\n<p>Segundo o secret\u00e1rio de Educa\u00e7\u00e3o Profissional e Tecnol\u00f3gica do MEC, Eliezer Pacheco, a tecnologia permite levar ao aluno atividades pr\u00e1ticas com a mesma qualidade oferecida em laborat\u00f3rios fixos. \u201cO laborat\u00f3rio m\u00f3vel potencializa de forma extraordin\u00e1ria a educa\u00e7\u00e3o a dist\u00e2ncia t\u00e9cnica e permitir\u00e1 lev\u00e1-la com qualidade aos munic\u00edpios mais distantes\u201d, avaliou. \u00a0<\/p>\n<p>Aquisi\u00e7\u00e3o &#8211; A compra dos caminh\u00f5es e laborat\u00f3rios dever\u00e1 ser realizada nos pr\u00f3ximos dois meses pelo Fundo Nacional de Desenvolvimento da Educa\u00e7\u00e3o (FNDE). Ser\u00e3o destinados R$ 12 milh\u00f5es para financiar a compra de cerca de 50 caminh\u00f5es pelas escolas interessadas. Mais de R$ 18 milh\u00f5es financiar\u00e3o a instala\u00e7\u00e3o de equipamentos para os laborat\u00f3rios.<\/p>\n<p>Cada escola poder\u00e1 escolher o tipo de laborat\u00f3rio mais adequado para o curso a dist\u00e2ncia oferecido. O tamanho do laborat\u00f3rio pode variar entre 35 e 75 metros quadrados e, em m\u00e9dia, atender\u00e1 entre 25 a 30 alunos de cada vez.<\/p>\n<p>\u00a0<br \/>\nAssessoria de Imprensa da Seed<\/p>\n","protected":false},"excerpt":{"rendered":"<p>MEC &#8211; Estudantes dos cursos t\u00e9cnicos de n\u00edvel m\u00e9dio a dist\u00e2ncia do Programa Escola Aberta T\u00e9cnica do Brasil (e-Tec) ter\u00e3o laborat\u00f3rios m\u00f3veis para pr\u00e1ticas profissionalizantes. S\u00e3o 19 modelos de laborat\u00f3rios did\u00e1ticos em \u00e1reas como eletroeletr\u00f4nica, agroind\u00fastria, biocombust\u00edveis, enfermagem, mec\u00e2nica e agropecu\u00e1ria.\u00a0Os laborat\u00f3rios ser\u00e3o instalados em caminh\u00f5es. O projeto foi desenvolvido pelo Centro de Forma\u00e7\u00e3o de [&hellip;]<\/p>\n","protected":false},"author":3,"featured_media":0,"comment_status":"open","ping_status":"open","sticky":false,"template":"","format":"standard","meta":{"tdm_status":"","tdm_grid_status":"","footnotes":""},"categories":[22],"tags":[],"class_list":{"0":"post-11429","1":"post","2":"type-post","3":"status-publish","4":"format-standard","6":"category-brasil"},"_links":{"self":[{"href":"https:\/\/migracao.redenoticia.com.br\/noticia\/wp-json\/wp\/v2\/posts\/11429","targetHints":{"allow":["GET"]}}],"collection":[{"href":"https:\/\/migracao.redenoticia.com.br\/noticia\/wp-json\/wp\/v2\/posts"}],"about":[{"href":"https:\/\/migracao.redenoticia.com.br\/noticia\/wp-json\/wp\/v2\/types\/post"}],"author":[{"embeddable":true,"href":"https:\/\/migracao.redenoticia.com.br\/noticia\/wp-json\/wp\/v2\/users\/3"}],"replies":[{"embeddable":true,"href":"https:\/\/migracao.redenoticia.com.br\/noticia\/wp-json\/wp\/v2\/comments?post=11429"}],"version-history":[{"count":0,"href":"https:\/\/migracao.redenoticia.com.br\/noticia\/wp-json\/wp\/v2\/posts\/11429\/revisions"}],"wp:attachment":[{"href":"https:\/\/migracao.redenoticia.com.br\/noticia\/wp-json\/wp\/v2\/media?parent=11429"}],"wp:term":[{"taxonomy":"category","embeddable":true,"href":"https:\/\/migracao.redenoticia.com.br\/noticia\/wp-json\/wp\/v2\/categories?post=11429"},{"taxonomy":"post_tag","embeddable":true,"href":"https:\/\/migracao.redenoticia.com.br\/noticia\/wp-json\/wp\/v2\/tags?post=11429"}],"curies":[{"name":"wp","href":"https:\/\/api.w.org\/{rel}","templated":true}]}}