{"id":114298,"date":"2017-05-31T16:41:15","date_gmt":"2017-05-31T19:41:15","guid":{"rendered":"https:\/\/www.redenoticia.com.br\/noticia\/?p=114298"},"modified":"2017-05-31T16:40:35","modified_gmt":"2017-05-31T19:40:35","slug":"novela-ribeirao-do-tempo-resumo-0106-arminda-ganha-a-guarda-de-diana","status":"publish","type":"post","link":"https:\/\/migracao.redenoticia.com.br\/noticia\/2017\/novela-ribeirao-do-tempo-resumo-0106-arminda-ganha-a-guarda-de-diana\/114298","title":{"rendered":"Novela \u201cRibeir\u00e3o do Tempo\u201d resumo 01\/06: Arminda ganha a guarda de Diana"},"content":{"rendered":"<p> <img loading=\"lazy\" decoding=\"async\" src=\"https:\/\/migracao.redenoticia.com.br\/noticia\/imagens\/ribeirao_do_tempo_novela_record_resumo-150x112.jpg\" alt=\"\" width=\"150\" height=\"112\" class=\"alignleft size-thumbnail wp-image-108265\" srcset=\"https:\/\/migracao.redenoticia.com.br\/noticia\/imagens\/ribeirao_do_tempo_novela_record_resumo-150x112.jpg 150w, https:\/\/migracao.redenoticia.com.br\/noticia\/imagens\/ribeirao_do_tempo_novela_record_resumo-265x198.jpg 265w\" sizes=\"auto, (max-width: 150px) 100vw, 150px\" \/><strong><em>Novela \u201cRibeir\u00e3o do Tempo\u201d resumo 01\/06<\/em><\/strong>: no capitulo 063 (*) da novela \u201cRibeir\u00e3o do Tempo\u201d, quinta-feira, 01 de junho, a assistente explica para Arminda que o juiz n\u00e3o decidiu nada sobre a guarda nem sobre a medida s\u00f3cio-educativa, mas ressalta que n\u00e3o v\u00ea motivo para o pedido ser negado. Diana se despede de Arminda e Joca, que d\u00e3o esperan\u00e7a para ela. Joca fala para Arminda que quando Diana entrar na vida dela de vez n\u00e3o vai adiantar vir com papo de empres\u00e1ria ocupada. Arminda d\u00e1 ordens para Joca descer do carro em uma rua pr\u00f3xima \u00e0 cidade, pois n\u00e3o quer ser vista com ele. Teixeira conta para Bruno e C\u00e9lia que a diretoria decidiu que o engenheiro vai controlar todos os passos de Arminda a partir de agora. O advogado pede para Bruno nome\u00e1-lo como seu assessor. Nicolau vai at\u00e9 a loja de Karina e a beija. Joca vai at\u00e9 a casa do professor. Tito caminha em dire\u00e7\u00e3o \u00e0 loja da noiva, Zuleide v\u00ea e fica sem saber o que fazer&#8230; Arminda liga para Filomena e diz que precisa conversar com ela e com Quer\u00eancio. Zuleide cruza com Tito e resolve ir com ele at\u00e9 \u00e0 loja. Zuleide entra gritando e Karina e Nicolau se afastam, sem que Tito os veja. Tito v\u00ea Nicolau na boutique e estranha, mas Karina explica que o senador est\u00e1 procurando um presente para a tia dele. Joca pergunta a Flores se ele tem alguma miss\u00e3o para ele e o professor responde que \u00e9 melhor o detetive se recolher para evitar que a pol\u00edcia o indicie pela morte do senador \u00c9rico. Joca tenta descobrir o que Flores conversou com Quer\u00eancio, mas o professor mente que s\u00f3 esteve com o pintor no dia em que o testamento foi lido. Nicolau conta a Nasinho que por pouco Tito n\u00e3o o pegou no maior amasso com Karina. Nicolau manda Nasinho sondar se j\u00e1 \u00e9 poss\u00edvel fazer a proposta ao Tito. Tito fala para Karina que n\u00e3o gostou de v\u00ea-la simp\u00e1tica com o senador. <\/p>\n<p>Teixeira entrega uma lista de documentos para Quer\u00eancio e avisa que precisa dar andamento no processo de heran\u00e7a. Em nome de Bruno, Teixeira convida Filomena e Quer\u00eancio para jantar na casa do engenheiro e da esposa dele. Fil\u00f3 chega e diz ao pai que Arminda tamb\u00e9m os convidou para jantar. Beatriz liga para Arminda e a convida para jantar. A executiva afirma que est\u00e1 com coisas para resolver, mas diz que elas podem marcar em outro momento. Beatriz confessa a Larissa que n\u00e3o sabe se Nicolau est\u00e1 preparado para casar. Virg\u00edlio explica a Nasinho que a situa\u00e7\u00e3o da pousada est\u00e1 cr\u00edtica e ressalta que se Clor\u00eds ouvir a proposta do senador n\u00e3o vai ter erro, afinal ela \u00e9 a maior interessada na venda da pousada. Lincon conta a Ellen que ser\u00e1 obrigado a publicar uma mat\u00e9ria de capa na Folha da Corredeira sobre o problema na pousada, mas afirma que vai ouvir Newton. <\/p>\n<p>C\u00e9lia diz a Karina que Tito ficou chateado com ela com raz\u00e3o. Lincon conversa com Newton. Tito fala para Karina que ficou grilado porque Zuleide tomou a sua frente para avisar que ele estava chegando na loja. Nasinho aconselha Nicolau a mandar a proposta para Tito sem se identificar. Quer\u00eancio e Fil\u00f3 ficam impressionados com a mesa requintada do jantar. Arminda explica como est\u00e1 a atual situa\u00e7\u00e3o da empresa para Quer\u00eancio e Filomena. Filomena liga para C\u00e9lia e avisa que ela e o pai n\u00e3o v\u00e3o at\u00e9 a casa dela porque Quer\u00eancio n\u00e3o est\u00e1 se sentindo bem. Flores pede para Nicolau ir at\u00e9 a casa dele. Arminda conta a Joca que Bruno e Teixeira est\u00e3o querendo derrub\u00e1-la. Arminda fica sabendo que o juiz lhe deu a guarda de Diana. Arminda e Joca v\u00e3o buscar Diana na casa de interna\u00e7\u00e3o.<\/p>\n<p>(*) edi\u00e7\u00e3o da Rede Record, Novela \u201cRibeir\u00e3o do Tempo\u201d, sujeito a altera\u00e7\u00e3o de data e conte\u00fado.<\/p>\n","protected":false},"excerpt":{"rendered":"<p>Novela \u201cRibeir\u00e3o do Tempo\u201d resumo 01\/06: no capitulo 063 (*) da novela \u201cRibeir\u00e3o do Tempo\u201d, quinta-feira, 01 de junho, a assistente explica para Arminda que o juiz n\u00e3o decidiu nada sobre a guarda nem sobre a medida s\u00f3cio-educativa, mas ressalta que n\u00e3o v\u00ea motivo para o pedido ser negado. Diana se despede de Arminda e [&hellip;]<\/p>\n","protected":false},"author":2,"featured_media":108265,"comment_status":"open","ping_status":"closed","sticky":false,"template":"","format":"standard","meta":{"tdm_status":"","tdm_grid_status":"","footnotes":""},"categories":[379,371,343],"tags":[441],"class_list":{"0":"post-114298","1":"post","2":"type-post","3":"status-publish","4":"format-standard","5":"has-post-thumbnail","7":"category-novelas","8":"category-rede-record","9":"category-televisao","10":"tag-resumo-do-dia"},"_links":{"self":[{"href":"https:\/\/migracao.redenoticia.com.br\/noticia\/wp-json\/wp\/v2\/posts\/114298","targetHints":{"allow":["GET"]}}],"collection":[{"href":"https:\/\/migracao.redenoticia.com.br\/noticia\/wp-json\/wp\/v2\/posts"}],"about":[{"href":"https:\/\/migracao.redenoticia.com.br\/noticia\/wp-json\/wp\/v2\/types\/post"}],"author":[{"embeddable":true,"href":"https:\/\/migracao.redenoticia.com.br\/noticia\/wp-json\/wp\/v2\/users\/2"}],"replies":[{"embeddable":true,"href":"https:\/\/migracao.redenoticia.com.br\/noticia\/wp-json\/wp\/v2\/comments?post=114298"}],"version-history":[{"count":0,"href":"https:\/\/migracao.redenoticia.com.br\/noticia\/wp-json\/wp\/v2\/posts\/114298\/revisions"}],"wp:featuredmedia":[{"embeddable":true,"href":"https:\/\/migracao.redenoticia.com.br\/noticia\/wp-json\/wp\/v2\/media\/108265"}],"wp:attachment":[{"href":"https:\/\/migracao.redenoticia.com.br\/noticia\/wp-json\/wp\/v2\/media?parent=114298"}],"wp:term":[{"taxonomy":"category","embeddable":true,"href":"https:\/\/migracao.redenoticia.com.br\/noticia\/wp-json\/wp\/v2\/categories?post=114298"},{"taxonomy":"post_tag","embeddable":true,"href":"https:\/\/migracao.redenoticia.com.br\/noticia\/wp-json\/wp\/v2\/tags?post=114298"}],"curies":[{"name":"wp","href":"https:\/\/api.w.org\/{rel}","templated":true}]}}