{"id":114302,"date":"2017-05-31T16:44:10","date_gmt":"2017-05-31T19:44:10","guid":{"rendered":"https:\/\/www.redenoticia.com.br\/noticia\/?p=114302"},"modified":"2017-05-31T21:23:38","modified_gmt":"2017-06-01T00:23:38","slug":"novela-a-escrava-isaura-resumo-0106-helena-sente-enjoo","status":"publish","type":"post","link":"https:\/\/migracao.redenoticia.com.br\/noticia\/2017\/novela-a-escrava-isaura-resumo-0106-helena-sente-enjoo\/114302","title":{"rendered":"Novela \u201cA Escrava Isaura\u201d resumo 01\/06: Geraldo e Miguel decidem ajudar \u00c1lvaro"},"content":{"rendered":"<p> <img loading=\"lazy\" decoding=\"async\" class=\"alignleft size-thumbnail wp-image-103446\" src=\"https:\/\/migracao.redenoticia.com.br\/noticia\/imagens\/a_escrava_isaura_record_novela_resumo-150x112.jpg\" alt=\"\" width=\"150\" height=\"112\" srcset=\"https:\/\/migracao.redenoticia.com.br\/noticia\/imagens\/a_escrava_isaura_record_novela_resumo-150x112.jpg 150w, https:\/\/migracao.redenoticia.com.br\/noticia\/imagens\/a_escrava_isaura_record_novela_resumo-265x198.jpg 265w\" sizes=\"auto, (max-width: 150px) 100vw, 150px\" \/><strong><em>Novela \u201cA Escrava Isaura\u201d resumo 01\/06<\/em><\/strong>: no capitulo 104 (*) da novela \u201cA Escrava Isaura\u201d, quinta-feira, 01 de junho, \u00c1lvaro e Isaura dormem na mata. Geraldo galanteia Malvina. Miguel e Tom\u00e1sia falam dos preparativos para o casamento. Andr\u00e9 visita Bernardo e Moleca. Diogo e Helena fazem juras de amor. Andr\u00e9, Geraldo e Miguel decidem ajudar \u00c1lvaro e v\u00e3o ao lugar onde Le\u00f4ncio arma a tocaia. Isaura sente-se em perigo. Perp\u00e9tua recebe uma mensagem de Geraldo com not\u00edcias de \u00c1lvaro. Gioconda arranja-se para o almo\u00e7o com Sebasti\u00e3o. Henrique discute com Flor-de-lis. Le\u00f4ncio e Francisco conferem as armas e saem em busca de \u00c1lvaro e Isaura. Aurora ignora Henrique. Malvina acorda de mal-humor. \u00c1lvaro e Isaura saem da cho\u00e7a com Raimundo e Martinho por perto.<\/p>\n<p>(*) edi\u00e7\u00e3o da Rede Record, Novela \u201cA Escrava Isaura\u201d, sujeito a altera\u00e7\u00e3o de data e conte\u00fado.<\/p>\n<p>A Escrava Isaura \u00e9 uma telenovela brasileira produzida pela Rede Record de Televis\u00e3o e exibida entre 18 de outubro de 2004 e 29 de abril de 2005, totalizando 167 cap\u00edtulos, 27 a mais que o originalmente previsto. Escrita por Tiago Santiago, Anamaria Nunes com colabora\u00e7\u00e3o de Altenir Silva e dirigida por Herval Rossano, F\u00e1bio Junqueira, Em\u00edlio Di Biasi e Fl\u00e1vio Colatrello Jr., \u00e9 inspirada no romance hom\u00f4nimo de 1875, escrito por Bernardo Guimar\u00e3es. A obra foi um sucesso logo ap\u00f3s ser publicada, em parte pelo apelo feminino em raz\u00e3o do sentimentalismo do enredo. O livro toca em pontos abolicionistas, que eram controversos na \u00e9poca e \u00e9 considerado um marco na literatura abolicionista brasileira.<\/p>\n","protected":false},"excerpt":{"rendered":"<p>Novela \u201cA Escrava Isaura\u201d resumo 01\/06: no capitulo 104 (*) da novela \u201cA Escrava Isaura\u201d, quinta-feira, 01 de junho, \u00c1lvaro e Isaura dormem na mata. Geraldo galanteia Malvina. Miguel e Tom\u00e1sia falam dos preparativos para o casamento. Andr\u00e9 visita Bernardo e Moleca. Diogo e Helena fazem juras de amor. Andr\u00e9, Geraldo e Miguel decidem ajudar [&hellip;]<\/p>\n","protected":false},"author":2,"featured_media":103446,"comment_status":"open","ping_status":"closed","sticky":false,"template":"","format":"standard","meta":{"tdm_status":"","tdm_grid_status":"","footnotes":""},"categories":[371,343],"tags":[441],"class_list":{"0":"post-114302","1":"post","2":"type-post","3":"status-publish","4":"format-standard","5":"has-post-thumbnail","7":"category-rede-record","8":"category-televisao","9":"tag-resumo-do-dia"},"_links":{"self":[{"href":"https:\/\/migracao.redenoticia.com.br\/noticia\/wp-json\/wp\/v2\/posts\/114302","targetHints":{"allow":["GET"]}}],"collection":[{"href":"https:\/\/migracao.redenoticia.com.br\/noticia\/wp-json\/wp\/v2\/posts"}],"about":[{"href":"https:\/\/migracao.redenoticia.com.br\/noticia\/wp-json\/wp\/v2\/types\/post"}],"author":[{"embeddable":true,"href":"https:\/\/migracao.redenoticia.com.br\/noticia\/wp-json\/wp\/v2\/users\/2"}],"replies":[{"embeddable":true,"href":"https:\/\/migracao.redenoticia.com.br\/noticia\/wp-json\/wp\/v2\/comments?post=114302"}],"version-history":[{"count":0,"href":"https:\/\/migracao.redenoticia.com.br\/noticia\/wp-json\/wp\/v2\/posts\/114302\/revisions"}],"wp:featuredmedia":[{"embeddable":true,"href":"https:\/\/migracao.redenoticia.com.br\/noticia\/wp-json\/wp\/v2\/media\/103446"}],"wp:attachment":[{"href":"https:\/\/migracao.redenoticia.com.br\/noticia\/wp-json\/wp\/v2\/media?parent=114302"}],"wp:term":[{"taxonomy":"category","embeddable":true,"href":"https:\/\/migracao.redenoticia.com.br\/noticia\/wp-json\/wp\/v2\/categories?post=114302"},{"taxonomy":"post_tag","embeddable":true,"href":"https:\/\/migracao.redenoticia.com.br\/noticia\/wp-json\/wp\/v2\/tags?post=114302"}],"curies":[{"name":"wp","href":"https:\/\/api.w.org\/{rel}","templated":true}]}}