{"id":114306,"date":"2017-05-31T16:46:32","date_gmt":"2017-05-31T19:46:32","guid":{"rendered":"https:\/\/www.redenoticia.com.br\/noticia\/?p=114306"},"modified":"2017-06-01T21:39:33","modified_gmt":"2017-06-02T00:39:33","slug":"novela-o-rico-e-lazaro-resumo-0106-fassur-avisa-que-chaim-foi-encontrado-morto","status":"publish","type":"post","link":"https:\/\/migracao.redenoticia.com.br\/noticia\/2017\/novela-o-rico-e-lazaro-resumo-0106-fassur-avisa-que-chaim-foi-encontrado-morto\/114306","title":{"rendered":"Novela \u201cO Rico e L\u00e1zaro\u201d resumo 01\/06: Asher sofre na pris\u00e3o"},"content":{"rendered":"<p> <img loading=\"lazy\" decoding=\"async\" src=\"https:\/\/migracao.redenoticia.com.br\/noticia\/imagens\/o_rico_e_o_lazaro_resumo_novela_record-150x112.jpg\" alt=\"\" width=\"150\" height=\"112\" class=\"alignleft size-thumbnail wp-image-107948\" srcset=\"https:\/\/migracao.redenoticia.com.br\/noticia\/imagens\/o_rico_e_o_lazaro_resumo_novela_record-150x112.jpg 150w, https:\/\/migracao.redenoticia.com.br\/noticia\/imagens\/o_rico_e_o_lazaro_resumo_novela_record-265x198.jpg 265w\" sizes=\"auto, (max-width: 150px) 100vw, 150px\" \/><strong><em>Novela \u201cO Rico e L\u00e1zaro\u201d resumo 01\/06<\/em><\/strong>: no capitulo 059(*) da novela \u201cO Rico e L\u00e1zaro\u201d, quinta-feira, 01 de junho, Shag-Shag diz n\u00e3o saber onde o filho est\u00e1. Beroso pede para ter uma conversa com o rei. Nit\u00f3cris conversa com Nabonido e explica sobre a apari\u00e7\u00e3o de vultos no pal\u00e1cio. Evil se declara para Shamiran. Nebuzarad\u00e3 encontra Sammu e diz a verdade sobre o ataque sofrido por Evil. Neusta \u00e9 avisada sobre uma pretendente para Joaquim. <\/p>\n<p>Shag-Shag pede para Arioque ajud\u00e1-la a proteger o filho. Beroso fala sobre a atitude de Daniel com o rei, que pede a presen\u00e7a do governador. Enciumada, Sammu faz um ritual e pede para Nebuzarad\u00e3 ter uma noite de horrores. Deitado com Kassaia, o chefe da Guarda Real tem alucina\u00e7\u00f5es. Larsa manda prenderem Asher no calabou\u00e7o. Nabucodonosor ordena que Daniel devolva as escravas a Beroso. <\/p>\n<p>Zac furioso ao saber que Chaim bateu em Elga. Zac e os irm\u00e3o saem furiosos em busca de Chaim. Eles seguem em dire\u00e7\u00f5es diferentes para tentar encontrar o pai. Nabucodonosor autoriza a perman\u00eancia das escravas hebreias no pal\u00e1cio at\u00e9 se recuperarem. Asher sofre na pris\u00e3o. <\/p>\n<p>(*) edi\u00e7\u00e3o da Rede Record, Novela \u201cO Rico e L\u00e1zaro\u201d, sujeito a altera\u00e7\u00e3o de data e conte\u00fado.<\/p>\n","protected":false},"excerpt":{"rendered":"<p>Novela \u201cO Rico e L\u00e1zaro\u201d resumo 01\/06: no capitulo 059(*) da novela \u201cO Rico e L\u00e1zaro\u201d, quinta-feira, 01 de junho, Shag-Shag diz n\u00e3o saber onde o filho est\u00e1. Beroso pede para ter uma conversa com o rei. Nit\u00f3cris conversa com Nabonido e explica sobre a apari\u00e7\u00e3o de vultos no pal\u00e1cio. Evil se declara para Shamiran. [&hellip;]<\/p>\n","protected":false},"author":2,"featured_media":107948,"comment_status":"open","ping_status":"closed","sticky":false,"template":"","format":"standard","meta":{"tdm_status":"","tdm_grid_status":"","footnotes":""},"categories":[379,371,343],"tags":[441],"class_list":{"0":"post-114306","1":"post","2":"type-post","3":"status-publish","4":"format-standard","5":"has-post-thumbnail","7":"category-novelas","8":"category-rede-record","9":"category-televisao","10":"tag-resumo-do-dia"},"_links":{"self":[{"href":"https:\/\/migracao.redenoticia.com.br\/noticia\/wp-json\/wp\/v2\/posts\/114306","targetHints":{"allow":["GET"]}}],"collection":[{"href":"https:\/\/migracao.redenoticia.com.br\/noticia\/wp-json\/wp\/v2\/posts"}],"about":[{"href":"https:\/\/migracao.redenoticia.com.br\/noticia\/wp-json\/wp\/v2\/types\/post"}],"author":[{"embeddable":true,"href":"https:\/\/migracao.redenoticia.com.br\/noticia\/wp-json\/wp\/v2\/users\/2"}],"replies":[{"embeddable":true,"href":"https:\/\/migracao.redenoticia.com.br\/noticia\/wp-json\/wp\/v2\/comments?post=114306"}],"version-history":[{"count":0,"href":"https:\/\/migracao.redenoticia.com.br\/noticia\/wp-json\/wp\/v2\/posts\/114306\/revisions"}],"wp:featuredmedia":[{"embeddable":true,"href":"https:\/\/migracao.redenoticia.com.br\/noticia\/wp-json\/wp\/v2\/media\/107948"}],"wp:attachment":[{"href":"https:\/\/migracao.redenoticia.com.br\/noticia\/wp-json\/wp\/v2\/media?parent=114306"}],"wp:term":[{"taxonomy":"category","embeddable":true,"href":"https:\/\/migracao.redenoticia.com.br\/noticia\/wp-json\/wp\/v2\/categories?post=114306"},{"taxonomy":"post_tag","embeddable":true,"href":"https:\/\/migracao.redenoticia.com.br\/noticia\/wp-json\/wp\/v2\/tags?post=114306"}],"curies":[{"name":"wp","href":"https:\/\/api.w.org\/{rel}","templated":true}]}}