{"id":114334,"date":"2017-06-01T16:39:17","date_gmt":"2017-06-01T19:39:17","guid":{"rendered":"https:\/\/www.redenoticia.com.br\/noticia\/?p=114334"},"modified":"2017-06-01T18:23:38","modified_gmt":"2017-06-01T21:23:38","slug":"novela-ribeirao-do-tempo-resumo-0206-diana-liga-para-guilherme","status":"publish","type":"post","link":"https:\/\/migracao.redenoticia.com.br\/noticia\/2017\/novela-ribeirao-do-tempo-resumo-0206-diana-liga-para-guilherme\/114334","title":{"rendered":"Novela \u201cRibeir\u00e3o do Tempo\u201d resumo 02\/06: Diana liga para Guilherme"},"content":{"rendered":"<p> <img loading=\"lazy\" decoding=\"async\" src=\"https:\/\/migracao.redenoticia.com.br\/noticia\/imagens\/ribeirao_do_tempo_novela_record_resumo-150x112.jpg\" alt=\"\" width=\"150\" height=\"112\" class=\"alignleft size-thumbnail wp-image-108265\" srcset=\"https:\/\/migracao.redenoticia.com.br\/noticia\/imagens\/ribeirao_do_tempo_novela_record_resumo-150x112.jpg 150w, https:\/\/migracao.redenoticia.com.br\/noticia\/imagens\/ribeirao_do_tempo_novela_record_resumo-265x198.jpg 265w\" sizes=\"auto, (max-width: 150px) 100vw, 150px\" \/><strong><em>Novela \u201cRibeir\u00e3o do Tempo\u201d resumo 02\/06<\/em><\/strong>: no capitulo 064 (*) da novela \u201cRibeir\u00e3o do Tempo\u201d, sexta-feira, 02 de junho, Beatriz liga para Arminda e a convida para jantar. A executiva afirma que est\u00e1 com coisas para resolver, mas diz que elas podem marcar em outro momento. Beatriz confessa a Larissa que n\u00e3o sabe se Nicolau est\u00e1 preparado para casar. Virg\u00edlio explica a Nasinho que a situa\u00e7\u00e3o da pousada est\u00e1 cr\u00edtica e ressalta que se Clor\u00eds ouvir a proposta do senador n\u00e3o vai ter erro, afinal ela \u00e9 a maior interessada na venda da pousada. Lincon conta a Ellen que ser\u00e1 obrigado a publicar uma mat\u00e9ria de capa na Folha da Corredeira sobre o problema na pousada, mas afirma que vai ouvir Newton. C\u00e9lia diz a Karina que Tito ficou chateado com ela com raz\u00e3o. Lincon conversa com Newton. Tito fala para Karina que ficou grilado porque Zuleide tomou a sua frente para avisar que ele estava chegando na loja. Nasinho aconselha Nicolau a mandar a proposta para Tito sem se identificar. Quer\u00eancio e Fil\u00f3 ficam impressionados com a mesa requintada do jantar. Arminda explica como est\u00e1 a atual situa\u00e7\u00e3o da empresa para Quer\u00eancio e Filomena. Filomena liga para C\u00e9lia e avisa que ela e o pai n\u00e3o v\u00e3o at\u00e9 a casa dela porque Quer\u00eancio n\u00e3o est\u00e1 se sentindo bem. Flores pede para Nicolau ir at\u00e9 a casa dele. Arminda conta a Joca que Bruno e Teixeira est\u00e3o querendo derrub\u00e1-la. Arminda fica sabendo que o juiz lhe deu a guarda de Diana. Arminda e Joca v\u00e3o buscar Diana na casa de interna\u00e7\u00e3o.<\/p>\n<p>Lincon vai at\u00e9 a fazenda de Nicolau e diz a Beatriz que \u00e9 uma honra se associar \u00e0 fam\u00edlia dela. Nicolau diz a Lincon que a reportagem sobre a pousada ficou muito boa. O senador pede para o jornalista escrever um editorial de apoio ao governo do Estado e avisa que os pol\u00edticos da regi\u00e3o v\u00e3o destinar uma boa verba de publicidade para a Folha da Corredeira. A assistente social fala para Diana se comportar para n\u00e3o trazer problemas para Arminda. Teixeira explica para Bruno que para eles \u00e9 bom que Arminda esteja ocupada com assuntos pessoais. Diana fica encantada com o fato de ter um quarto s\u00f3 para ela e poder convidar amigos para visit\u00e1-la. Clor\u00eds vai conversar com Tito para saber se est\u00e1 tudo bem com ele, mas os dois discutem. Karina fala para Zuleide que est\u00e1 aflita e n\u00e3o sabe o que fazer para melhorar a situa\u00e7\u00e3o com Tito. Filomena vai at\u00e9 a casa de Sancha e Romeu e manda Quer\u00eancio se arrumar r\u00e1pido, pois eles precisam ir at\u00e9 a casa de Bruno. Arminda para o carro para Joca saltar e Diana pergunta por que ele n\u00e3o vai com elas at\u00e9 a cidade. Arminda explica que n\u00e3o fica bem ser vista ao lado do detetive. <\/p>\n<p>Bruno explica para Filomena e para Quer\u00eancio que vai fiscalizar tudo o que Arminda fizer dentro da empresa, porque os diretores n\u00e3o confiam nela. Teixeira e Bruno dizem que Madame Durrel confiava apenas na capacidade profissional de Arminda e afirmam que a executiva tem uma ambi\u00e7\u00e3o sem limites. Diana fica deslumbrada com o solar. Bruno fala para Quer\u00eancio e Filomena que o gerente do banco quer oferecer a eles um cr\u00e9dito ilimitado. Tito visita Newton na cadeia e diz mais uma vez que est\u00e1 do lado dele. Tito revela ao amigo que o advogado acha que pode tir\u00e1-lo da pris\u00e3o em breve. Karina liga para Nicolau e diz que a visita dele provocou um problema em seu namoro com Tito. Ela manda o senador n\u00e3o procur\u00e1-la mais, mas ele afirma que Karina n\u00e3o vai conseguir esquec\u00ea-lo. Elza mostra a casa para Diana. Nasinho liga para Tito e diz que precisa conversar com ele e com Clor\u00eds sobre um assunto importante. Bruno exige que Arminda marque uma reuni\u00e3o com ele. Virg\u00edlio pede para Iara dar for\u00e7a \u00e0 proposta de Nasinho. Nicolau explica a Beatriz que vai comprar as terras de Tito. O senador pede para a m\u00e3e apoi\u00e1-lo. L\u00e9ia diz a Joca que n\u00e3o entende como Arminda ser\u00e1 capaz de cuidar de uma crian\u00e7a. Diana liga para Guilherme e conta que est\u00e1 morando no solar. Ela pergunta se o amigo quer visit\u00e1-la.<\/p>\n<p>(*) edi\u00e7\u00e3o da Rede Record, Novela \u201cRibeir\u00e3o do Tempo\u201d, sujeito a altera\u00e7\u00e3o de data e conte\u00fado.<\/p>\n","protected":false},"excerpt":{"rendered":"<p>Novela \u201cRibeir\u00e3o do Tempo\u201d resumo 02\/06: no capitulo 064 (*) da novela \u201cRibeir\u00e3o do Tempo\u201d, sexta-feira, 02 de junho, Beatriz liga para Arminda e a convida para jantar. A executiva afirma que est\u00e1 com coisas para resolver, mas diz que elas podem marcar em outro momento. Beatriz confessa a Larissa que n\u00e3o sabe se Nicolau [&hellip;]<\/p>\n","protected":false},"author":2,"featured_media":108265,"comment_status":"open","ping_status":"closed","sticky":false,"template":"","format":"standard","meta":{"tdm_status":"","tdm_grid_status":"","footnotes":""},"categories":[379,371,343],"tags":[441],"class_list":{"0":"post-114334","1":"post","2":"type-post","3":"status-publish","4":"format-standard","5":"has-post-thumbnail","7":"category-novelas","8":"category-rede-record","9":"category-televisao","10":"tag-resumo-do-dia"},"_links":{"self":[{"href":"https:\/\/migracao.redenoticia.com.br\/noticia\/wp-json\/wp\/v2\/posts\/114334","targetHints":{"allow":["GET"]}}],"collection":[{"href":"https:\/\/migracao.redenoticia.com.br\/noticia\/wp-json\/wp\/v2\/posts"}],"about":[{"href":"https:\/\/migracao.redenoticia.com.br\/noticia\/wp-json\/wp\/v2\/types\/post"}],"author":[{"embeddable":true,"href":"https:\/\/migracao.redenoticia.com.br\/noticia\/wp-json\/wp\/v2\/users\/2"}],"replies":[{"embeddable":true,"href":"https:\/\/migracao.redenoticia.com.br\/noticia\/wp-json\/wp\/v2\/comments?post=114334"}],"version-history":[{"count":0,"href":"https:\/\/migracao.redenoticia.com.br\/noticia\/wp-json\/wp\/v2\/posts\/114334\/revisions"}],"wp:featuredmedia":[{"embeddable":true,"href":"https:\/\/migracao.redenoticia.com.br\/noticia\/wp-json\/wp\/v2\/media\/108265"}],"wp:attachment":[{"href":"https:\/\/migracao.redenoticia.com.br\/noticia\/wp-json\/wp\/v2\/media?parent=114334"}],"wp:term":[{"taxonomy":"category","embeddable":true,"href":"https:\/\/migracao.redenoticia.com.br\/noticia\/wp-json\/wp\/v2\/categories?post=114334"},{"taxonomy":"post_tag","embeddable":true,"href":"https:\/\/migracao.redenoticia.com.br\/noticia\/wp-json\/wp\/v2\/tags?post=114334"}],"curies":[{"name":"wp","href":"https:\/\/api.w.org\/{rel}","templated":true}]}}