{"id":114338,"date":"2017-06-01T16:43:01","date_gmt":"2017-06-01T19:43:01","guid":{"rendered":"https:\/\/www.redenoticia.com.br\/noticia\/?p=114338"},"modified":"2017-06-01T16:29:09","modified_gmt":"2017-06-01T19:29:09","slug":"novela-a-escrava-isaura-resumo-0206-andre-geraldo-e-miguel-decidem-ajudar-alvaro","status":"publish","type":"post","link":"https:\/\/migracao.redenoticia.com.br\/noticia\/2017\/novela-a-escrava-isaura-resumo-0206-andre-geraldo-e-miguel-decidem-ajudar-alvaro\/114338","title":{"rendered":"Novela \u201cA Escrava Isaura\u201d resumo 02\/06: Le\u00f4ncio atira sobre \u00c1lvaro"},"content":{"rendered":"<p> <img loading=\"lazy\" decoding=\"async\" class=\"alignleft size-thumbnail wp-image-103446\" src=\"https:\/\/migracao.redenoticia.com.br\/noticia\/imagens\/a_escrava_isaura_record_novela_resumo-150x112.jpg\" alt=\"\" width=\"150\" height=\"112\" srcset=\"https:\/\/migracao.redenoticia.com.br\/noticia\/imagens\/a_escrava_isaura_record_novela_resumo-150x112.jpg 150w, https:\/\/migracao.redenoticia.com.br\/noticia\/imagens\/a_escrava_isaura_record_novela_resumo-265x198.jpg 265w\" sizes=\"auto, (max-width: 150px) 100vw, 150px\" \/><strong><em>Novela \u201cA Escrava Isaura\u201d resumo 02\/06<\/em><\/strong>: no capitulo 105 (*) da novela \u201cA Escrava Isaura\u201d, sexta-feira, 02 de junho, Isaura culpa-se por fazer com que \u00c1lvaro tamb\u00e9m seja ca\u00e7ado. Branca enlouquece ao saber que \u00c1lvaro fugiu com Isaura e insulta Pep\u00e9tua. Martinho e Raimundo encontram a cho\u00e7a onde estavam \u00c1lvaro e Isaura. Aurora maltrata Henrique. Flor-de-Lis pede conselhos a Serafina. Le\u00f4ncio encontra pegadas de cavalo. Tom\u00e1sia reza. Com Le\u00f4ncio pr\u00f3ximo, Isaura e \u00c1lvaro planeiam a fuga. Henrique discute com Rosa. Helena tem desejos de gr\u00e1vida. \u00c1lvaro separa-se de Isaura, que foge. \u00c1lvaro cai do cavalo e \u00e9 capturado por Le\u00f4ncio. Aurora demonstra interesse por Gabriel. Le\u00f4ncio sai em busca de Isaura. Isaura encontra Miguel, Andr\u00e9 e Geraldo. Le\u00f4ncio v\u00ea o grupo com Isaura e foge. Andr\u00e9 e Geraldo seguem Le\u00f4ncio. Malvina vai at\u00e9 a casa de Sebasti\u00e3o. Le\u00f4ncio atira sobre \u00c1lvaro.<\/p>\n<p>(*) edi\u00e7\u00e3o da Rede Record, Novela \u201cA Escrava Isaura\u201d, sujeito a altera\u00e7\u00e3o de data e conte\u00fado.<\/p>\n<p>A Escrava Isaura \u00e9 uma telenovela brasileira produzida pela Rede Record de Televis\u00e3o e exibida entre 18 de outubro de 2004 e 29 de abril de 2005, totalizando 167 cap\u00edtulos, 27 a mais que o originalmente previsto. Escrita por Tiago Santiago, Anamaria Nunes com colabora\u00e7\u00e3o de Altenir Silva e dirigida por Herval Rossano, F\u00e1bio Junqueira, Em\u00edlio Di Biasi e Fl\u00e1vio Colatrello Jr., \u00e9 inspirada no romance hom\u00f4nimo de 1875, escrito por Bernardo Guimar\u00e3es. A obra foi um sucesso logo ap\u00f3s ser publicada, em parte pelo apelo feminino em raz\u00e3o do sentimentalismo do enredo. O livro toca em pontos abolicionistas, que eram controversos na \u00e9poca e \u00e9 considerado um marco na literatura abolicionista brasileira.<\/p>\n","protected":false},"excerpt":{"rendered":"<p>Novela \u201cA Escrava Isaura\u201d resumo 02\/06: no capitulo 105 (*) da novela \u201cA Escrava Isaura\u201d, sexta-feira, 02 de junho, Isaura culpa-se por fazer com que \u00c1lvaro tamb\u00e9m seja ca\u00e7ado. Branca enlouquece ao saber que \u00c1lvaro fugiu com Isaura e insulta Pep\u00e9tua. Martinho e Raimundo encontram a cho\u00e7a onde estavam \u00c1lvaro e Isaura. Aurora maltrata Henrique. [&hellip;]<\/p>\n","protected":false},"author":2,"featured_media":103446,"comment_status":"open","ping_status":"closed","sticky":false,"template":"","format":"standard","meta":{"tdm_status":"","tdm_grid_status":"","footnotes":""},"categories":[379,371,343],"tags":[441],"class_list":{"0":"post-114338","1":"post","2":"type-post","3":"status-publish","4":"format-standard","5":"has-post-thumbnail","7":"category-novelas","8":"category-rede-record","9":"category-televisao","10":"tag-resumo-do-dia"},"_links":{"self":[{"href":"https:\/\/migracao.redenoticia.com.br\/noticia\/wp-json\/wp\/v2\/posts\/114338","targetHints":{"allow":["GET"]}}],"collection":[{"href":"https:\/\/migracao.redenoticia.com.br\/noticia\/wp-json\/wp\/v2\/posts"}],"about":[{"href":"https:\/\/migracao.redenoticia.com.br\/noticia\/wp-json\/wp\/v2\/types\/post"}],"author":[{"embeddable":true,"href":"https:\/\/migracao.redenoticia.com.br\/noticia\/wp-json\/wp\/v2\/users\/2"}],"replies":[{"embeddable":true,"href":"https:\/\/migracao.redenoticia.com.br\/noticia\/wp-json\/wp\/v2\/comments?post=114338"}],"version-history":[{"count":0,"href":"https:\/\/migracao.redenoticia.com.br\/noticia\/wp-json\/wp\/v2\/posts\/114338\/revisions"}],"wp:featuredmedia":[{"embeddable":true,"href":"https:\/\/migracao.redenoticia.com.br\/noticia\/wp-json\/wp\/v2\/media\/103446"}],"wp:attachment":[{"href":"https:\/\/migracao.redenoticia.com.br\/noticia\/wp-json\/wp\/v2\/media?parent=114338"}],"wp:term":[{"taxonomy":"category","embeddable":true,"href":"https:\/\/migracao.redenoticia.com.br\/noticia\/wp-json\/wp\/v2\/categories?post=114338"},{"taxonomy":"post_tag","embeddable":true,"href":"https:\/\/migracao.redenoticia.com.br\/noticia\/wp-json\/wp\/v2\/tags?post=114338"}],"curies":[{"name":"wp","href":"https:\/\/api.w.org\/{rel}","templated":true}]}}