{"id":114356,"date":"2017-05-31T16:29:25","date_gmt":"2017-05-31T19:29:25","guid":{"rendered":"https:\/\/www.redenoticia.com.br\/noticia\/?p=114356"},"modified":"2017-05-31T16:29:25","modified_gmt":"2017-05-31T19:29:25","slug":"resumo-novela-o-que-a-vida-me-roubou-0106-fabiola-tenta-beijar-jose-luis","status":"publish","type":"post","link":"https:\/\/migracao.redenoticia.com.br\/noticia\/2017\/resumo-novela-o-que-a-vida-me-roubou-0106-fabiola-tenta-beijar-jose-luis\/114356","title":{"rendered":"Resumo novela \u201cO Que A Vida Me Roubou\u201d 01\/06: Fab\u00edola tenta beijar Jos\u00e9 Lu\u00eds"},"content":{"rendered":"<p><img loading=\"lazy\" decoding=\"async\" src=\"https:\/\/migracao.redenoticia.com.br\/noticia\/imagens\/o-que-a-vida-me-roubou-novela-resumo-sbt-150x112.jpg\" alt=\"\" width=\"150\" height=\"112\" class=\"alignleft size-thumbnail wp-image-105656\" srcset=\"https:\/\/migracao.redenoticia.com.br\/noticia\/imagens\/o-que-a-vida-me-roubou-novela-resumo-sbt-150x112.jpg 150w, https:\/\/migracao.redenoticia.com.br\/noticia\/imagens\/o-que-a-vida-me-roubou-novela-resumo-sbt-265x198.jpg 265w\" sizes=\"auto, (max-width: 150px) 100vw, 150px\" \/><strong><em>Resumo novela \u201cO Que A Vida Me Roubou\u201d 01\/06<\/em><\/strong>: no cap\u00edtulo 089(*) da novela \u201cO Que A Vida Me Roubou\u201d, resumo de quinta-feira, 01 de junho, Fab\u00edola vai a casa de Renato para procurar Jos\u00e9 Lu\u00eds, mas acaba por se cruzar com Demetrio. Jos\u00e9 Lu\u00eds chega a casa do amigo e fica surpreso por ver toda a gente e Fab\u00edola aproveita a ocasi\u00e3o para se aproximar dele. Mais tarde, Jos\u00e9 Lu\u00eds visita a casa onde viveu com Ang\u00e9lica e recorda momentos que passou com a esposa falecida. Carlota fala com Montserrat sobre Jos\u00e9 Lu\u00eds e diz-lhe que est\u00e1 na hora de esclarecer tudo com ele. Montserrat diz que isso seria como trair Alessandro e, al\u00e9m disso, nunca conseguir\u00e1 deixar de o amar. Jos\u00e9 Lu\u00eds procura Graciela e diz-lhe para n\u00e3o interferir na sua vida com Montserrat. Esmeralda tem oportunidade de falar com Montserrat sobre Jos\u00e9 Lu\u00eds e confessa-lhe que ele tem feito o imposs\u00edvel para que ela esteja bem, pois nunca a deixou de amar. Esmeralda confessa que se tem sentido muito sozinha durante a gravidez e Renato arranja sempre uma desculpa para chegar tarde a casa. M\u00f4nica diz a Renato que est\u00e1 a interessada num dos tenentes, e ele fica contente pensado que est\u00e1 a falar dele. Montserrat tem em m\u00e3os o telem\u00f3vel onde Alessandro deixou uma mensagem antes de fugir e, por fim, poder\u00e1 descobrir a verdade sobre Jos\u00e9 Lu\u00eds. Fab\u00edola tenta beijar Jos\u00e9 Lu\u00eds, mas ele rejeita-a. Depois de descobrir a verdade, Montserrat sente-se culpada pela forma como tratou Jos\u00e9 Lu\u00eds nos \u00faltimos anos e decide procura-lo para pedir perd\u00e3o. Apesar das complica\u00e7\u00f5es que podem surgir, Pedro n\u00e3o est\u00e1 disposto a acabar com os seus planos e diz a Ezequiel que j\u00e1 \u00e9 muito tarde para continuar com o acordo. V\u00edtor est\u00e1 desesperado, pois n\u00e3o sabe o que fazer para salvar a vida do seu melhor amigo e n\u00e3o t\u00eam mais dinheiro para continuar a pagar os tratamentos de Alessandro. Renato confessa o seu amor a M\u00f4nica, mas ela deixa claro que apenas est\u00e1 interessada em Demetrio.<\/p>\n<p>(*) edi\u00e7\u00e3o do SBT, Novela \u201cO Que A Vida Me Roubou\u201d, sujeito a altera\u00e7\u00e3o de data e conte\u00fado.<\/p>\n<p>Lo que la vida me rob\u00f3 (no Brasil, O Que a Vida Me Roubou) \u00e9 uma telenovela mexicana produzida por Angelli Nesma Medina para Televisa e exibida pelo Canal de las Estrellas entre 28 de outubro de 2013 e 27 de julho de 2014 em 196 cap\u00edtulos, substituindo La tempestad e sendo substitu\u00edda por Hasta el fin del mundo. A original \u00e9 de Caridad Bravo Adams, sendo esta um remake modernizado das novelas Bodas de odio e Amor real, produzidas em 1983 e 2003, respectivamente. Tem Angelique Boyer, Sebasti\u00e1n Rulli, Luis Roberto Guzm\u00e1n, Daniela Castro, Grettell Vald\u00e9z, Sergio Sendel e Lisset nos papeis principais.<\/p>\n","protected":false},"excerpt":{"rendered":"<p>Resumo novela \u201cO Que A Vida Me Roubou\u201d 01\/06: no cap\u00edtulo 089(*) da novela \u201cO Que A Vida Me Roubou\u201d, resumo de quinta-feira, 01 de junho, Fab\u00edola vai a casa de Renato para procurar Jos\u00e9 Lu\u00eds, mas acaba por se cruzar com Demetrio. Jos\u00e9 Lu\u00eds chega a casa do amigo e fica surpreso por ver [&hellip;]<\/p>\n","protected":false},"author":4,"featured_media":105656,"comment_status":"open","ping_status":"closed","sticky":false,"template":"","format":"standard","meta":{"tdm_status":"","tdm_grid_status":"","footnotes":""},"categories":[379,372,343],"tags":[441],"class_list":{"0":"post-114356","1":"post","2":"type-post","3":"status-publish","4":"format-standard","5":"has-post-thumbnail","7":"category-novelas","8":"category-sbt","9":"category-televisao","10":"tag-resumo-do-dia"},"_links":{"self":[{"href":"https:\/\/migracao.redenoticia.com.br\/noticia\/wp-json\/wp\/v2\/posts\/114356","targetHints":{"allow":["GET"]}}],"collection":[{"href":"https:\/\/migracao.redenoticia.com.br\/noticia\/wp-json\/wp\/v2\/posts"}],"about":[{"href":"https:\/\/migracao.redenoticia.com.br\/noticia\/wp-json\/wp\/v2\/types\/post"}],"author":[{"embeddable":true,"href":"https:\/\/migracao.redenoticia.com.br\/noticia\/wp-json\/wp\/v2\/users\/4"}],"replies":[{"embeddable":true,"href":"https:\/\/migracao.redenoticia.com.br\/noticia\/wp-json\/wp\/v2\/comments?post=114356"}],"version-history":[{"count":0,"href":"https:\/\/migracao.redenoticia.com.br\/noticia\/wp-json\/wp\/v2\/posts\/114356\/revisions"}],"wp:featuredmedia":[{"embeddable":true,"href":"https:\/\/migracao.redenoticia.com.br\/noticia\/wp-json\/wp\/v2\/media\/105656"}],"wp:attachment":[{"href":"https:\/\/migracao.redenoticia.com.br\/noticia\/wp-json\/wp\/v2\/media?parent=114356"}],"wp:term":[{"taxonomy":"category","embeddable":true,"href":"https:\/\/migracao.redenoticia.com.br\/noticia\/wp-json\/wp\/v2\/categories?post=114356"},{"taxonomy":"post_tag","embeddable":true,"href":"https:\/\/migracao.redenoticia.com.br\/noticia\/wp-json\/wp\/v2\/tags?post=114356"}],"curies":[{"name":"wp","href":"https:\/\/api.w.org\/{rel}","templated":true}]}}