{"id":114360,"date":"2017-05-31T16:33:03","date_gmt":"2017-05-31T19:33:03","guid":{"rendered":"https:\/\/www.redenoticia.com.br\/noticia\/?p=114360"},"modified":"2017-05-31T16:33:03","modified_gmt":"2017-05-31T19:33:03","slug":"resumo-novela-chiquititas-0106-pipoca-sente-falta-de-beto","status":"publish","type":"post","link":"https:\/\/migracao.redenoticia.com.br\/noticia\/2017\/resumo-novela-chiquititas-0106-pipoca-sente-falta-de-beto\/114360","title":{"rendered":"Resumo novela \u201cChiquititas\u201d 01\/06: Pipoca sente falta de Beto"},"content":{"rendered":"<p><img loading=\"lazy\" decoding=\"async\" class=\"alignleft size-thumbnail wp-image-49690\" src=\"https:\/\/migracao.redenoticia.com.br\/noticia\/imagens\/chiquititas1-150x112.jpg\" alt=\"chiquititas\" width=\"150\" height=\"112\" \/><strong><em>Resumo novela \u201cChiquititas\u201d 01\/06<\/em><\/strong>: no cap\u00edtulo 188(*) da novela \u201cChiquititas\u201d, resumo de quinta-feira, 01 de junho, Rafa, Tati e Ana continuam a discutir sobre quem \u00e9 que a mascote Pipoca gosta mais. Mosca tenta evitar Mili para esquecer a garota. A cachorra Pipoca se sente t\u00e3o sufocada que n\u00e3o sai mais de sua casa. A mascote tamb\u00e9m est\u00e1 triste e sentindo falta de Beto, com quem ficou durante as f\u00e9rias das Chiquititas. Tom\u00e1s Ferraz, que na verdade \u00e9 Tobias disfar\u00e7ado, entra em est\u00fadio para gravar sua can\u00e7\u00e3o de sertanejo universit\u00e1rio. Arnaldo Saccomani aparece pra escutar a grava\u00e7\u00e3o. O empres\u00e1rio novo de Tom\u00e1s garante para Arnaldo que ele ir\u00e1 estourar. Arnaldo diz que a \u00fanica coisa que ele ir\u00e1 estourar s\u00e3o seus ouvidos e alerta que o portuga ir\u00e1 dar grande trabalho. No Caf\u00e9 Boutique, Francis e Clarita se divertem com um v\u00eddeo que faz s\u00e1tira do clipe de \u00c9rica. A situa\u00e7\u00e3o faz com que Clarita e \u00c9rica conversem pela primeira vez com tranquilidade. Beto vai ao orfanato a pedido de Carol. O rapaz chama Pipoca e ela finalmente sai da casa. Tati, Rafa, Ana e at\u00e9 Chico entram na discuss\u00e3o para saber quem \u00e9 o dono dela. Beto diz que a cachorra deve gostar de todos e sugere que os quatro s\u00e3o os donos da Pipoca. Enfim todos concordam. Vivi est\u00e1 com ci\u00fames de Matias, pois viu uma foto dele com uma garota. Pata tenta acalmar a menina e sugere que ela esque\u00e7a o garoto, afinal a distancia entre eles \u00e9 grande e ele vai demorar pra voltar ao Brasil. Carmen descobre que Armando vendeu sua pintura e fica inconformada. Duda vai buscar Mili para irem \u00e0 mans\u00e3o dos Almeida Campos. Mosca observa com ci\u00fames a cena. Mili diz pra Valentina que ela foi uma das primeiras a entrar no orfanato, por\u00e9m de todos os beb\u00eas ela foi \u00e0 \u00fanica que n\u00e3o foi adotada. Carol diz que finalmente terminou seu TCC da faculdade de psicologia e que ir\u00e1 apresentar o trabalho no dia seguinte. Carol diz para Chico que ela est\u00e1 se envolvendo com Fernando. O cozinheiro diz que Fernando \u00e9 um bom rapaz e que tamb\u00e9m tem jeito com as crian\u00e7as.<\/p>\n<p>(*) edi\u00e7\u00e3o do SBT, Novela \u201cChiquititas\u201d, sujeito a altera\u00e7\u00e3o de data e conte\u00fado.<\/p>\n<p>Chiquititas gira em torno do orfanato Raio de Luz, que carrega em sua hist\u00f3ria um grande segredo envolvendo a fam\u00edlia e o dono do orfanato, Dr. Jos\u00e9 Ricardo Almeida Campos. Em um per\u00edodo anterior \u00e0 novela, exatos treze anos, sua filha Gabriela se apaixonou e ficou gr\u00e1vida de Miguel, filho de Valentina, empregada da casa dos Almeida Campos. Pouco depois, Jos\u00e9 Ricardo sequestrou sua neta, pois, como um homem conservador, ele n\u00e3o aceitava a ideia de que sua filha se envolvesse com um empregado. Como sua neta, Milena, apelidada como Mili, precisava de um lugar para morar, ele comprou um casar\u00e3o e fundou um orfanato, o Raio de Luz. Mili cresceu l\u00e1 com outras garotas que chegaram posteriormente: Bia, Ana, as irm\u00e3s Tati e Vivi, e Cris. Ao decorrer dos anos, elas se tornam uma fam\u00edlia. Elas s\u00e3o supervisionadas por Ernestina, zeladora do orfanato, e Chico, o cozinheiro amado pelas internas. Sofia, ex-governanta da fam\u00edlia Almeida Campos, \u00e9 a diretora do lugar, at\u00e9 que Carmem, irm\u00e3 de Jos\u00e9 Ricardo, entre em seu lugar. Chegam ainda mais \u00f3rf\u00e3os: Pata, Mosca, Binho e Rafa, que viviam nas ruas antes de entrarem na institui\u00e7\u00e3o. Pata e Mili tornam-se amigas rapidamente, enquanto Mosca, Binho e Rafa s\u00e3o os primeiros garotos a entrar no abrigo. As crian\u00e7as sem-teto foram ajudadas por uma doce e bela garota que tocam e mudam a vida delas, assim como as das garotas \u00f3rf\u00e3s.<\/p>\n","protected":false},"excerpt":{"rendered":"<p>Resumo novela \u201cChiquititas\u201d 01\/06: no cap\u00edtulo 188(*) da novela \u201cChiquititas\u201d, resumo de quinta-feira, 01 de junho, Rafa, Tati e Ana continuam a discutir sobre quem \u00e9 que a mascote Pipoca gosta mais. Mosca tenta evitar Mili para esquecer a garota. A cachorra Pipoca se sente t\u00e3o sufocada que n\u00e3o sai mais de sua casa. A [&hellip;]<\/p>\n","protected":false},"author":4,"featured_media":49690,"comment_status":"open","ping_status":"closed","sticky":false,"template":"","format":"standard","meta":{"tdm_status":"","tdm_grid_status":"","footnotes":""},"categories":[409,379,372,343],"tags":[441],"class_list":{"0":"post-114360","1":"post","2":"type-post","3":"status-publish","4":"format-standard","5":"has-post-thumbnail","7":"category-chiquititas","8":"category-novelas","9":"category-sbt","10":"category-televisao","11":"tag-resumo-do-dia"},"_links":{"self":[{"href":"https:\/\/migracao.redenoticia.com.br\/noticia\/wp-json\/wp\/v2\/posts\/114360","targetHints":{"allow":["GET"]}}],"collection":[{"href":"https:\/\/migracao.redenoticia.com.br\/noticia\/wp-json\/wp\/v2\/posts"}],"about":[{"href":"https:\/\/migracao.redenoticia.com.br\/noticia\/wp-json\/wp\/v2\/types\/post"}],"author":[{"embeddable":true,"href":"https:\/\/migracao.redenoticia.com.br\/noticia\/wp-json\/wp\/v2\/users\/4"}],"replies":[{"embeddable":true,"href":"https:\/\/migracao.redenoticia.com.br\/noticia\/wp-json\/wp\/v2\/comments?post=114360"}],"version-history":[{"count":0,"href":"https:\/\/migracao.redenoticia.com.br\/noticia\/wp-json\/wp\/v2\/posts\/114360\/revisions"}],"wp:featuredmedia":[{"embeddable":true,"href":"https:\/\/migracao.redenoticia.com.br\/noticia\/wp-json\/wp\/v2\/media\/49690"}],"wp:attachment":[{"href":"https:\/\/migracao.redenoticia.com.br\/noticia\/wp-json\/wp\/v2\/media?parent=114360"}],"wp:term":[{"taxonomy":"category","embeddable":true,"href":"https:\/\/migracao.redenoticia.com.br\/noticia\/wp-json\/wp\/v2\/categories?post=114360"},{"taxonomy":"post_tag","embeddable":true,"href":"https:\/\/migracao.redenoticia.com.br\/noticia\/wp-json\/wp\/v2\/tags?post=114360"}],"curies":[{"name":"wp","href":"https:\/\/api.w.org\/{rel}","templated":true}]}}