{"id":114366,"date":"2017-05-31T16:36:19","date_gmt":"2017-05-31T19:36:19","guid":{"rendered":"https:\/\/www.redenoticia.com.br\/noticia\/?p=114366"},"modified":"2017-05-31T16:36:19","modified_gmt":"2017-05-31T19:36:19","slug":"resumo-novela-novo-mundo-0106-joaquim-arma-encontro-com-anna","status":"publish","type":"post","link":"https:\/\/migracao.redenoticia.com.br\/noticia\/2017\/resumo-novela-novo-mundo-0106-joaquim-arma-encontro-com-anna\/114366","title":{"rendered":"Resumo novela \u201cNovo Mundo\u201d 01\/06: Joaquim arma encontro com Anna"},"content":{"rendered":"<p><img loading=\"lazy\" decoding=\"async\" class=\"alignleft size-thumbnail wp-image-107950\" src=\"https:\/\/migracao.redenoticia.com.br\/noticia\/imagens\/novo_mundo_novela_resumo_globo-150x112.jpg\" alt=\"\" width=\"150\" height=\"112\" srcset=\"https:\/\/migracao.redenoticia.com.br\/noticia\/imagens\/novo_mundo_novela_resumo_globo-150x112.jpg 150w, https:\/\/migracao.redenoticia.com.br\/noticia\/imagens\/novo_mundo_novela_resumo_globo-265x198.jpg 265w\" sizes=\"auto, (max-width: 150px) 100vw, 150px\" \/><strong><em>Resumo novela \u201cNovo Mundo\u201d 01\/06<\/em><\/strong>: no cap\u00edtulo 062(*) da novela \u201cNovo Mundo\u201d, resumo de quinta-feira, 01 de junho, Thomas convence Anna de que n\u00e3o conhecia a sala secreta. Elvira chantageia Thomas e se assusta com a amea\u00e7a que recebe. Dom Pedro se encontra com Domitila. Joaquim descobre uma prova contra Thomas. Diara gosta da ideia da constru\u00e7\u00e3o de um novo quilombo nas terras de Wolfgang. Joaquim tenta embriagar Francisco. Bonif\u00e1cio fala para Joaquim que pode ajud\u00e1-lo a falar com Anna. N\u00edvea pede para Liu ensin\u00e1-la a cuidar de um beb\u00ea. Matias v\u00ea Cec\u00edlia com Peter. Lurdes comenta com Anna sobre o estranho comportamento de Leopoldina. Peter consegue visitar Am\u00e1lia. Cec\u00edlia se apavora quando Matias a questiona sobre o m\u00e9dico. Thomas chama um serralheiro para abrir a sala secreta e finge surpresa, na frente de Anna, ao ver o c\u00f4modo vazio. Bonif\u00e1cio se encontra com Thomas, que reage satisfeito. Joaquim arma encontro com Anna.<\/p>\n<p>(*) edi\u00e7\u00e3o da Rede Globo, Novela \u201cNovo Mundo\u201d, sujeito a altera\u00e7\u00e3o de data e conte\u00fado.<\/p>\n<p>Novo Mundo \u00e9 uma telenovela brasileira produzida pela Rede Globo. Escrita por Thereza Falc\u00e3o e Alessandro Marson, conta com dire\u00e7\u00e3o art\u00edstica de Vin\u00edcius Coimbra. Conta com as participa\u00e7\u00f5es de Isabelle Drummond, Chay Suede, Caio Castro, Let\u00edcia Colin, Leo Jaime, D\u00e9bora Olivieri, Rodrigo Simas, Giullia Buscacio, Vivianne Pasmanter, Guilherme Piva, R\u00f4mulo Estrela, Agatha Moreira, Luisa Micheletti, Gabriel Braga Nunes, e Ingrid Guimar\u00e3es.<\/p>\n","protected":false},"excerpt":{"rendered":"<p>Resumo novela \u201cNovo Mundo\u201d 01\/06: no cap\u00edtulo 062(*) da novela \u201cNovo Mundo\u201d, resumo de quinta-feira, 01 de junho, Thomas convence Anna de que n\u00e3o conhecia a sala secreta. Elvira chantageia Thomas e se assusta com a amea\u00e7a que recebe. Dom Pedro se encontra com Domitila. Joaquim descobre uma prova contra Thomas. Diara gosta da ideia [&hellip;]<\/p>\n","protected":false},"author":4,"featured_media":107950,"comment_status":"open","ping_status":"closed","sticky":false,"template":"","format":"standard","meta":{"tdm_status":"","tdm_grid_status":"","footnotes":""},"categories":[379,375,343],"tags":[441],"class_list":{"0":"post-114366","1":"post","2":"type-post","3":"status-publish","4":"format-standard","5":"has-post-thumbnail","7":"category-novelas","8":"category-rede-globo","9":"category-televisao","10":"tag-resumo-do-dia"},"_links":{"self":[{"href":"https:\/\/migracao.redenoticia.com.br\/noticia\/wp-json\/wp\/v2\/posts\/114366","targetHints":{"allow":["GET"]}}],"collection":[{"href":"https:\/\/migracao.redenoticia.com.br\/noticia\/wp-json\/wp\/v2\/posts"}],"about":[{"href":"https:\/\/migracao.redenoticia.com.br\/noticia\/wp-json\/wp\/v2\/types\/post"}],"author":[{"embeddable":true,"href":"https:\/\/migracao.redenoticia.com.br\/noticia\/wp-json\/wp\/v2\/users\/4"}],"replies":[{"embeddable":true,"href":"https:\/\/migracao.redenoticia.com.br\/noticia\/wp-json\/wp\/v2\/comments?post=114366"}],"version-history":[{"count":0,"href":"https:\/\/migracao.redenoticia.com.br\/noticia\/wp-json\/wp\/v2\/posts\/114366\/revisions"}],"wp:featuredmedia":[{"embeddable":true,"href":"https:\/\/migracao.redenoticia.com.br\/noticia\/wp-json\/wp\/v2\/media\/107950"}],"wp:attachment":[{"href":"https:\/\/migracao.redenoticia.com.br\/noticia\/wp-json\/wp\/v2\/media?parent=114366"}],"wp:term":[{"taxonomy":"category","embeddable":true,"href":"https:\/\/migracao.redenoticia.com.br\/noticia\/wp-json\/wp\/v2\/categories?post=114366"},{"taxonomy":"post_tag","embeddable":true,"href":"https:\/\/migracao.redenoticia.com.br\/noticia\/wp-json\/wp\/v2\/tags?post=114366"}],"curies":[{"name":"wp","href":"https:\/\/api.w.org\/{rel}","templated":true}]}}