{"id":114368,"date":"2017-05-31T16:37:30","date_gmt":"2017-05-31T19:37:30","guid":{"rendered":"https:\/\/www.redenoticia.com.br\/noticia\/?p=114368"},"modified":"2017-05-31T16:37:30","modified_gmt":"2017-05-31T19:37:30","slug":"resumo-novela-rock-story-0106-alex-arma-contra-julia","status":"publish","type":"post","link":"https:\/\/migracao.redenoticia.com.br\/noticia\/2017\/resumo-novela-rock-story-0106-alex-arma-contra-julia\/114368","title":{"rendered":"Resumo novela \u201cRock Story\u201d 01\/06: Alex arma contra J\u00falia"},"content":{"rendered":"<p><img loading=\"lazy\" decoding=\"async\" class=\"alignleft size-thumbnail wp-image-97429\" src=\"https:\/\/migracao.redenoticia.com.br\/noticia\/imagens\/logo_rock_story-150x112.jpg\" alt=\"logo_rock_story\" width=\"150\" height=\"112\" srcset=\"https:\/\/migracao.redenoticia.com.br\/noticia\/imagens\/logo_rock_story-150x112.jpg 150w, https:\/\/migracao.redenoticia.com.br\/noticia\/imagens\/logo_rock_story-265x198.jpg 265w\" sizes=\"auto, (max-width: 150px) 100vw, 150px\" \/><strong><em>Resumo novela \u201cRock Story\u201d 01\/06 <\/em><\/strong>: no cap\u00edtulo 176(*) da novela \u201cRock Story\u201d, resumo de quinta-feira, 01 de junho, Diana diz que vai ajudar Gui. Salvatore busca Romildo para cuidar do filho de Marisa e amea\u00e7a Alex. Yasmin come\u00e7a a trabalhar. Diana vai \u00e0 casa de L\u00e1zaro. L\u00e1zaro afirma \u00e0 Diana que n\u00e3o teve nada a ver com a trag\u00e9dia no show da 4.4. Yasmin mostra seus croquis para N\u00e9ia e Almir. Chateado com L\u00e1zaro, Ram\u00f3n procura N\u00e9ia, que o consola. Alex arma contra J\u00falia.<\/p>\n<p>(*) edi\u00e7\u00e3o da Rede Globo, Novela \u201cRock Story\u201d, sujeito a altera\u00e7\u00e3o de data e conte\u00fado.<\/p>\n<p>Rock Story \u00e9 uma telenovela brasileira produzida pela Rede Globo, para o hor\u00e1rio das 19 horas, com estreia em 9 de novembro de 2016, substituindo Haja Cora\u00e7\u00e3o. Escrita por Maria Helena Nascimento, com supervis\u00e3o de texto de Ricardo Linhares, \u00e9 escrita com a colabora\u00e7\u00e3o de \u00c2ngela Chaves, Cl\u00e1udio Lisboa, Chico Soares e Daisy Chaves, com dire\u00e7\u00e3o geral de Maria de M\u00e9dicis e dire\u00e7\u00e3o art\u00edstica de Dennis Carvalho. Conta com as participa\u00e7\u00f5es de Vladimir Brichta, Nathalia Dill, Alinne Moraes, Rafael Vitti, Jo\u00e3o de Castro, Viviane Ara\u00fajo, Nicolas Prattes e Caio Paduan. <\/p>\n","protected":false},"excerpt":{"rendered":"<p>Resumo novela \u201cRock Story\u201d 01\/06 : no cap\u00edtulo 176(*) da novela \u201cRock Story\u201d, resumo de quinta-feira, 01 de junho, Diana diz que vai ajudar Gui. Salvatore busca Romildo para cuidar do filho de Marisa e amea\u00e7a Alex. Yasmin come\u00e7a a trabalhar. Diana vai \u00e0 casa de L\u00e1zaro. L\u00e1zaro afirma \u00e0 Diana que n\u00e3o teve nada [&hellip;]<\/p>\n","protected":false},"author":4,"featured_media":97429,"comment_status":"open","ping_status":"closed","sticky":false,"template":"","format":"standard","meta":{"tdm_status":"","tdm_grid_status":"","footnotes":""},"categories":[379,375,343],"tags":[441],"class_list":{"0":"post-114368","1":"post","2":"type-post","3":"status-publish","4":"format-standard","5":"has-post-thumbnail","7":"category-novelas","8":"category-rede-globo","9":"category-televisao","10":"tag-resumo-do-dia"},"_links":{"self":[{"href":"https:\/\/migracao.redenoticia.com.br\/noticia\/wp-json\/wp\/v2\/posts\/114368","targetHints":{"allow":["GET"]}}],"collection":[{"href":"https:\/\/migracao.redenoticia.com.br\/noticia\/wp-json\/wp\/v2\/posts"}],"about":[{"href":"https:\/\/migracao.redenoticia.com.br\/noticia\/wp-json\/wp\/v2\/types\/post"}],"author":[{"embeddable":true,"href":"https:\/\/migracao.redenoticia.com.br\/noticia\/wp-json\/wp\/v2\/users\/4"}],"replies":[{"embeddable":true,"href":"https:\/\/migracao.redenoticia.com.br\/noticia\/wp-json\/wp\/v2\/comments?post=114368"}],"version-history":[{"count":0,"href":"https:\/\/migracao.redenoticia.com.br\/noticia\/wp-json\/wp\/v2\/posts\/114368\/revisions"}],"wp:featuredmedia":[{"embeddable":true,"href":"https:\/\/migracao.redenoticia.com.br\/noticia\/wp-json\/wp\/v2\/media\/97429"}],"wp:attachment":[{"href":"https:\/\/migracao.redenoticia.com.br\/noticia\/wp-json\/wp\/v2\/media?parent=114368"}],"wp:term":[{"taxonomy":"category","embeddable":true,"href":"https:\/\/migracao.redenoticia.com.br\/noticia\/wp-json\/wp\/v2\/categories?post=114368"},{"taxonomy":"post_tag","embeddable":true,"href":"https:\/\/migracao.redenoticia.com.br\/noticia\/wp-json\/wp\/v2\/tags?post=114368"}],"curies":[{"name":"wp","href":"https:\/\/api.w.org\/{rel}","templated":true}]}}