{"id":114370,"date":"2017-05-31T16:38:28","date_gmt":"2017-05-31T19:38:28","guid":{"rendered":"https:\/\/www.redenoticia.com.br\/noticia\/?p=114370"},"modified":"2017-05-31T16:38:28","modified_gmt":"2017-05-31T19:38:28","slug":"resumo-novela-a-forca-do-querer-0106-ruy-nao-pode-se-aproximar-de-cibele","status":"publish","type":"post","link":"https:\/\/migracao.redenoticia.com.br\/noticia\/2017\/resumo-novela-a-forca-do-querer-0106-ruy-nao-pode-se-aproximar-de-cibele\/114370","title":{"rendered":"Resumo novela \u201cA For\u00e7a do Querer\u201d 01\/06: Ruy n\u00e3o pode se aproximar de Cibele"},"content":{"rendered":"<p><img loading=\"lazy\" decoding=\"async\" src=\"https:\/\/migracao.redenoticia.com.br\/noticia\/imagens\/a-forca-do-querer-novela-resumo-globo-150x112.jpg\" alt=\"\" width=\"150\" height=\"112\" class=\"alignleft size-thumbnail wp-image-110103\" srcset=\"https:\/\/migracao.redenoticia.com.br\/noticia\/imagens\/a-forca-do-querer-novela-resumo-globo-150x112.jpg 150w, https:\/\/migracao.redenoticia.com.br\/noticia\/imagens\/a-forca-do-querer-novela-resumo-globo-265x198.jpg 265w\" sizes=\"auto, (max-width: 150px) 100vw, 150px\" \/><strong><em>Resumo novela \u201cA For\u00e7a do Querer\u201d 01\/06<\/em><\/strong>: no cap\u00edtulo 052(*) da novela \u201cA For\u00e7a do Querer\u201d, resumo de quinta-feira, 01 de junho, Jeiza pensa em como provar que a voz na grava\u00e7\u00e3o \u00e9 de Rubinho. Cibele afirma a Dantas que foi agredida por Ruy. Simone estranha ao ver Silvana sair apressada de casa. Irene comenta com Silvana que esteve sozinha com Eug\u00eanio em sua casa. Caio consegue uma c\u00f3pia do depoimento de Biga e tenta tranquilizar Ruy. Joyce se preocupa ao saber da den\u00fancia de Cibele. Ritinha afirma a Marilda que seu filho n\u00e3o \u00e9 nem de Ruy e nem de Zeca. Zeca briga com Jeiza. Eug\u00eanio reclama da falta de apoio de Joyce. Caio avisa a Ruy do resultado negativo do exame de corpo de delito feito por Cibele. Silvana volta para casa abatida e Simone tenta conversar com a m\u00e3e. Bibi distribui os convites para sua festa de anivers\u00e1rio. Abel pede para Edinalva falar com Ritinha e retirar o convite para Jeiza ser a madrinha de seu filho. Ruy \u00e9 avisado de que n\u00e3o pode se aproximar de Cibele.<\/p>\n<p>(*) edi\u00e7\u00e3o da Rede Globo, Novela \u201cA For\u00e7a do Querer\u201d, sujeito a altera\u00e7\u00e3o de data e conte\u00fado.<\/p>\n<p>A For\u00e7a do Querer \u00e9 uma telenovela brasileira produzida e exibida pela Rede Globo. Promissor advogado, Caio \u00e9 cogitado para administrar a Garcia, uma das maiores empresas do pa\u00eds, por\u00e9m, quando Bibi decide terminar o relacionamento, deixa tudo para tr\u00e1s e parte rumo aos Estados Unidos. 15 anos depois, retorna ao Brasil num grande cargo no Judici\u00e1rio e acaba por reencontrar Bibi, que n\u00e3o conseguiu concluir a faculdade e est\u00e1 casada com Rubinho, passando por uma condi\u00e7\u00e3o financeira delicada, que far\u00e3o com que entrem no mundo do crime. Com a recusa de Caio, Eug\u00eanio prepara seu filho, Ruy, para assumir o comando da empresa. Ruy est\u00e1 noivo de Cibele, o que lhe confere estabilidade n\u00e3o somente na vida profissional, como tamb\u00e9m na vida pessoal, no entanto, quando viaja a Parazinho, conhece e se encanta por Ritinha, mulher que adora o fasc\u00ednio que exerce pelos homens, tal como as sereias, que ela acredita ser uma. Noiva de Zeca, caminhoneiro completamente apaixonado por ela, Rita continua seu jogo de sedu\u00e7\u00e3o com o carioca, pois quer seguir a liberdade de seus impulsos. Apesar das cr\u00edticas que ouve a respeito da amada, o amor que Zeca sente \u00e9 maior do que tudo, mas ao descobrir o envolvimento da noiva com o empres\u00e1rio de fora &#8211; com quem tivera um epis\u00f3dio determinante na inf\u00e2ncia, em que um \u00edndio profetizara que &#8220;Se viram tudo igual, \u00e9 um aviso que o esp\u00edrito da floresta est\u00e1 mandando. A vida toda voc\u00eas tomem cuidado com o que brotar das \u00e1guas. O que brotar das \u00e1guas vai juntar voc\u00eas dois e separar de novo!&#8221;, &#8211; decide se mudar e recome\u00e7ar a vida em Niter\u00f3i. Na nova cidade, conhece Jeiza, policial que sonha em se tornar lutadora de MMA, mas sofre com a falta de um parceiro que compreenda seus sonhos.<\/p>\n","protected":false},"excerpt":{"rendered":"<p>Resumo novela \u201cA For\u00e7a do Querer\u201d 01\/06: no cap\u00edtulo 052(*) da novela \u201cA For\u00e7a do Querer\u201d, resumo de quinta-feira, 01 de junho, Jeiza pensa em como provar que a voz na grava\u00e7\u00e3o \u00e9 de Rubinho. Cibele afirma a Dantas que foi agredida por Ruy. Simone estranha ao ver Silvana sair apressada de casa. Irene comenta [&hellip;]<\/p>\n","protected":false},"author":4,"featured_media":110103,"comment_status":"open","ping_status":"closed","sticky":false,"template":"","format":"standard","meta":{"tdm_status":"","tdm_grid_status":"","footnotes":""},"categories":[379,375,343],"tags":[441],"class_list":{"0":"post-114370","1":"post","2":"type-post","3":"status-publish","4":"format-standard","5":"has-post-thumbnail","7":"category-novelas","8":"category-rede-globo","9":"category-televisao","10":"tag-resumo-do-dia"},"_links":{"self":[{"href":"https:\/\/migracao.redenoticia.com.br\/noticia\/wp-json\/wp\/v2\/posts\/114370","targetHints":{"allow":["GET"]}}],"collection":[{"href":"https:\/\/migracao.redenoticia.com.br\/noticia\/wp-json\/wp\/v2\/posts"}],"about":[{"href":"https:\/\/migracao.redenoticia.com.br\/noticia\/wp-json\/wp\/v2\/types\/post"}],"author":[{"embeddable":true,"href":"https:\/\/migracao.redenoticia.com.br\/noticia\/wp-json\/wp\/v2\/users\/4"}],"replies":[{"embeddable":true,"href":"https:\/\/migracao.redenoticia.com.br\/noticia\/wp-json\/wp\/v2\/comments?post=114370"}],"version-history":[{"count":0,"href":"https:\/\/migracao.redenoticia.com.br\/noticia\/wp-json\/wp\/v2\/posts\/114370\/revisions"}],"wp:featuredmedia":[{"embeddable":true,"href":"https:\/\/migracao.redenoticia.com.br\/noticia\/wp-json\/wp\/v2\/media\/110103"}],"wp:attachment":[{"href":"https:\/\/migracao.redenoticia.com.br\/noticia\/wp-json\/wp\/v2\/media?parent=114370"}],"wp:term":[{"taxonomy":"category","embeddable":true,"href":"https:\/\/migracao.redenoticia.com.br\/noticia\/wp-json\/wp\/v2\/categories?post=114370"},{"taxonomy":"post_tag","embeddable":true,"href":"https:\/\/migracao.redenoticia.com.br\/noticia\/wp-json\/wp\/v2\/tags?post=114370"}],"curies":[{"name":"wp","href":"https:\/\/api.w.org\/{rel}","templated":true}]}}