{"id":114407,"date":"2017-06-01T16:35:05","date_gmt":"2017-06-01T19:35:05","guid":{"rendered":"https:\/\/www.redenoticia.com.br\/noticia\/?p=114407"},"modified":"2017-06-01T16:23:55","modified_gmt":"2017-06-01T19:23:55","slug":"resumo-novela-novo-mundo-0206-dom-pedro-sente-ciumes-de-leopoldina-com-bonifacio","status":"publish","type":"post","link":"https:\/\/migracao.redenoticia.com.br\/noticia\/2017\/resumo-novela-novo-mundo-0206-dom-pedro-sente-ciumes-de-leopoldina-com-bonifacio\/114407","title":{"rendered":"Resumo novela \u201cNovo Mundo\u201d 02\/06: Dom Pedro sente ci\u00fames de Leopoldina com Bonif\u00e1cio"},"content":{"rendered":"<p><img loading=\"lazy\" decoding=\"async\" class=\"alignleft size-thumbnail wp-image-107950\" src=\"https:\/\/migracao.redenoticia.com.br\/noticia\/imagens\/novo_mundo_novela_resumo_globo-150x112.jpg\" alt=\"\" width=\"150\" height=\"112\" srcset=\"https:\/\/migracao.redenoticia.com.br\/noticia\/imagens\/novo_mundo_novela_resumo_globo-150x112.jpg 150w, https:\/\/migracao.redenoticia.com.br\/noticia\/imagens\/novo_mundo_novela_resumo_globo-265x198.jpg 265w\" sizes=\"auto, (max-width: 150px) 100vw, 150px\" \/><strong><em>Resumo novela \u201cNovo Mundo\u201d 02\/06<\/em><\/strong>: no cap\u00edtulo 063(*) da novela \u201cNovo Mundo\u201d, resumo de sexta-feira, 02 de junho, Joaquim conta para Anna o que sabe sobre Thomas. Bonif\u00e1cio questiona Thomas sobre a guerra na Cisplatina. Thomas estranha a frieza de Anna. Licurgo convence Germana a desistir de entrar no quarto alugado por Thomas. Dom Pedro discute com Leopoldina, e Bonif\u00e1cio se preocupa com o estado da princesa. Joaquim estranha quando Elvira fala sobre Domitila. Bonif\u00e1cio ajuda Leopoldina. Anna encontra um bot\u00e3o da casaca de Thomas no quarto secreto. Dom Pedro comp\u00f5e uma m\u00fasica para Domitila. Jacira foge da aldeia. Thomas n\u00e3o gosta de ver Anna dormindo no quarto de Vit\u00f3ria. Dom Pedro sente ci\u00fames de Leopoldina com Bonif\u00e1cio. Anna procura Joaquim.<\/p>\n<p>(*) edi\u00e7\u00e3o da Rede Globo, Novela \u201cNovo Mundo\u201d, sujeito a altera\u00e7\u00e3o de data e conte\u00fado.<\/p>\n<p>Novo Mundo \u00e9 uma telenovela brasileira produzida pela Rede Globo. Escrita por Thereza Falc\u00e3o e Alessandro Marson, conta com dire\u00e7\u00e3o art\u00edstica de Vin\u00edcius Coimbra. Conta com as participa\u00e7\u00f5es de Isabelle Drummond, Chay Suede, Caio Castro, Let\u00edcia Colin, Leo Jaime, D\u00e9bora Olivieri, Rodrigo Simas, Giullia Buscacio, Vivianne Pasmanter, Guilherme Piva, R\u00f4mulo Estrela, Agatha Moreira, Luisa Micheletti, Gabriel Braga Nunes, e Ingrid Guimar\u00e3es.<\/p>\n","protected":false},"excerpt":{"rendered":"<p>Resumo novela \u201cNovo Mundo\u201d 02\/06: no cap\u00edtulo 063(*) da novela \u201cNovo Mundo\u201d, resumo de sexta-feira, 02 de junho, Joaquim conta para Anna o que sabe sobre Thomas. Bonif\u00e1cio questiona Thomas sobre a guerra na Cisplatina. Thomas estranha a frieza de Anna. Licurgo convence Germana a desistir de entrar no quarto alugado por Thomas. Dom Pedro [&hellip;]<\/p>\n","protected":false},"author":4,"featured_media":107950,"comment_status":"open","ping_status":"closed","sticky":false,"template":"","format":"standard","meta":{"tdm_status":"","tdm_grid_status":"","footnotes":""},"categories":[379,375,343],"tags":[441],"class_list":{"0":"post-114407","1":"post","2":"type-post","3":"status-publish","4":"format-standard","5":"has-post-thumbnail","7":"category-novelas","8":"category-rede-globo","9":"category-televisao","10":"tag-resumo-do-dia"},"_links":{"self":[{"href":"https:\/\/migracao.redenoticia.com.br\/noticia\/wp-json\/wp\/v2\/posts\/114407","targetHints":{"allow":["GET"]}}],"collection":[{"href":"https:\/\/migracao.redenoticia.com.br\/noticia\/wp-json\/wp\/v2\/posts"}],"about":[{"href":"https:\/\/migracao.redenoticia.com.br\/noticia\/wp-json\/wp\/v2\/types\/post"}],"author":[{"embeddable":true,"href":"https:\/\/migracao.redenoticia.com.br\/noticia\/wp-json\/wp\/v2\/users\/4"}],"replies":[{"embeddable":true,"href":"https:\/\/migracao.redenoticia.com.br\/noticia\/wp-json\/wp\/v2\/comments?post=114407"}],"version-history":[{"count":0,"href":"https:\/\/migracao.redenoticia.com.br\/noticia\/wp-json\/wp\/v2\/posts\/114407\/revisions"}],"wp:featuredmedia":[{"embeddable":true,"href":"https:\/\/migracao.redenoticia.com.br\/noticia\/wp-json\/wp\/v2\/media\/107950"}],"wp:attachment":[{"href":"https:\/\/migracao.redenoticia.com.br\/noticia\/wp-json\/wp\/v2\/media?parent=114407"}],"wp:term":[{"taxonomy":"category","embeddable":true,"href":"https:\/\/migracao.redenoticia.com.br\/noticia\/wp-json\/wp\/v2\/categories?post=114407"},{"taxonomy":"post_tag","embeddable":true,"href":"https:\/\/migracao.redenoticia.com.br\/noticia\/wp-json\/wp\/v2\/tags?post=114407"}],"curies":[{"name":"wp","href":"https:\/\/api.w.org\/{rel}","templated":true}]}}