{"id":114454,"date":"2017-06-01T20:15:15","date_gmt":"2017-06-01T23:15:15","guid":{"rendered":"https:\/\/www.redenoticia.com.br\/noticia\/?p=114454"},"modified":"2017-06-01T20:15:15","modified_gmt":"2017-06-01T23:15:15","slug":"resumo-novela-rock-story-0206-julia-implora-pela-ajuda-de-diana","status":"publish","type":"post","link":"https:\/\/migracao.redenoticia.com.br\/noticia\/2017\/resumo-novela-rock-story-0206-julia-implora-pela-ajuda-de-diana\/114454","title":{"rendered":"Resumo novela \u201cRock Story\u201d 02\/06: J\u00falia implora pela ajuda de Diana"},"content":{"rendered":"<p><img loading=\"lazy\" decoding=\"async\" class=\"alignleft size-thumbnail wp-image-97429\" src=\"https:\/\/migracao.redenoticia.com.br\/noticia\/imagens\/logo_rock_story-150x112.jpg\" alt=\"logo_rock_story\" width=\"150\" height=\"112\" srcset=\"https:\/\/migracao.redenoticia.com.br\/noticia\/imagens\/logo_rock_story-150x112.jpg 150w, https:\/\/migracao.redenoticia.com.br\/noticia\/imagens\/logo_rock_story-265x198.jpg 265w\" sizes=\"auto, (max-width: 150px) 100vw, 150px\" \/><strong><em>Resumo novela \u201cRock Story\u201d 02\/06 <\/em><\/strong>: no cap\u00edtulo 177(*) da novela \u201cRock Story\u201d, resumo de sexta-feira, 02 de junho, a not\u00edcia de que Gui (Vladimir Brichta) est\u00e1 preso por causa da morte de Du (Ravel Andrade) acaba com o clima na casa de Gordo (Herson Capri). J\u00falia (Nathalia Dill) vai at\u00e9 l\u00e1 \u00e0 procura de Diana (Alinne Moraes) e implora a ajuda da ex-mulher do roqueiro para conseguir inocent\u00e1-lo: &#8220;Eu duvidei de voc\u00ea quando voc\u00ea se ofereceu pra ajudar e te pe\u00e7o desculpas. O Gui t\u00e1 nas suas m\u00e3os agora! Por favor, tenta arranjar essa prova! Posso contar com voc\u00ea?&#8221; <\/p>\n<p>L\u00e9o R\u00e9gis (Rafael Vitti) bateu p\u00e9 e L\u00e1zaro (Jo\u00e3o Vicente de Castro) n\u00e3o conseguiu impedi-lo de fazer sua vontade. O cantor volta \u00e0s origens e se prepara para fazer um show especial em Mesquita, munic\u00edpio da baixada fluminense onde nasceu. E ele n\u00e3o esconde a empolga\u00e7\u00e3o: \u201cCaraca, t\u00f4 t\u00e3o nervoso. Eu produzi esse show sozinho com o Jaiminho, primeira vez! Torce a\u00ed pra mim, galera!\u201d No evento, o cantor promete fazer uma declara\u00e7\u00e3o de amor n\u00e3o s\u00f3 para sua cidade natal, mas tamb\u00e9m apresentar o pai e a nova namorada. Mas a maior surpresa vir\u00e1 no final da apresenta\u00e7\u00e3o.<\/p>\n<p>(*) edi\u00e7\u00e3o da Rede Globo, Novela \u201cRock Story\u201d, sujeito a altera\u00e7\u00e3o de data e conte\u00fado.<\/p>\n<p>Rock Story \u00e9 uma telenovela brasileira produzida pela Rede Globo, para o hor\u00e1rio das 19 horas, com estreia em 9 de novembro de 2016, substituindo Haja Cora\u00e7\u00e3o. Escrita por Maria Helena Nascimento, com supervis\u00e3o de texto de Ricardo Linhares, \u00e9 escrita com a colabora\u00e7\u00e3o de \u00c2ngela Chaves, Cl\u00e1udio Lisboa, Chico Soares e Daisy Chaves, com dire\u00e7\u00e3o geral de Maria de M\u00e9dicis e dire\u00e7\u00e3o art\u00edstica de Dennis Carvalho. Conta com as participa\u00e7\u00f5es de Vladimir Brichta, Nathalia Dill, Alinne Moraes, Rafael Vitti, Jo\u00e3o de Castro, Viviane Ara\u00fajo, Nicolas Prattes e Caio Paduan. <\/p>\n","protected":false},"excerpt":{"rendered":"<p>Resumo novela \u201cRock Story\u201d 02\/06 : no cap\u00edtulo 177(*) da novela \u201cRock Story\u201d, resumo de sexta-feira, 02 de junho, a not\u00edcia de que Gui (Vladimir Brichta) est\u00e1 preso por causa da morte de Du (Ravel Andrade) acaba com o clima na casa de Gordo (Herson Capri). J\u00falia (Nathalia Dill) vai at\u00e9 l\u00e1 \u00e0 procura de [&hellip;]<\/p>\n","protected":false},"author":2,"featured_media":99189,"comment_status":"open","ping_status":"closed","sticky":false,"template":"","format":"standard","meta":{"tdm_status":"","tdm_grid_status":"","footnotes":""},"categories":[379,375,343],"tags":[441],"class_list":{"0":"post-114454","1":"post","2":"type-post","3":"status-publish","4":"format-standard","5":"has-post-thumbnail","7":"category-novelas","8":"category-rede-globo","9":"category-televisao","10":"tag-resumo-do-dia"},"_links":{"self":[{"href":"https:\/\/migracao.redenoticia.com.br\/noticia\/wp-json\/wp\/v2\/posts\/114454","targetHints":{"allow":["GET"]}}],"collection":[{"href":"https:\/\/migracao.redenoticia.com.br\/noticia\/wp-json\/wp\/v2\/posts"}],"about":[{"href":"https:\/\/migracao.redenoticia.com.br\/noticia\/wp-json\/wp\/v2\/types\/post"}],"author":[{"embeddable":true,"href":"https:\/\/migracao.redenoticia.com.br\/noticia\/wp-json\/wp\/v2\/users\/2"}],"replies":[{"embeddable":true,"href":"https:\/\/migracao.redenoticia.com.br\/noticia\/wp-json\/wp\/v2\/comments?post=114454"}],"version-history":[{"count":0,"href":"https:\/\/migracao.redenoticia.com.br\/noticia\/wp-json\/wp\/v2\/posts\/114454\/revisions"}],"wp:featuredmedia":[{"embeddable":true,"href":"https:\/\/migracao.redenoticia.com.br\/noticia\/wp-json\/wp\/v2\/media\/99189"}],"wp:attachment":[{"href":"https:\/\/migracao.redenoticia.com.br\/noticia\/wp-json\/wp\/v2\/media?parent=114454"}],"wp:term":[{"taxonomy":"category","embeddable":true,"href":"https:\/\/migracao.redenoticia.com.br\/noticia\/wp-json\/wp\/v2\/categories?post=114454"},{"taxonomy":"post_tag","embeddable":true,"href":"https:\/\/migracao.redenoticia.com.br\/noticia\/wp-json\/wp\/v2\/tags?post=114454"}],"curies":[{"name":"wp","href":"https:\/\/api.w.org\/{rel}","templated":true}]}}