{"id":114475,"date":"2017-06-02T16:37:28","date_gmt":"2017-06-02T19:37:28","guid":{"rendered":"https:\/\/www.redenoticia.com.br\/noticia\/?p=114475"},"modified":"2017-06-02T16:37:28","modified_gmt":"2017-06-02T19:37:28","slug":"resumo-novela-novo-mundo-0306-thomas-foi-marujo-do-pai-de-anna","status":"publish","type":"post","link":"https:\/\/migracao.redenoticia.com.br\/noticia\/2017\/resumo-novela-novo-mundo-0306-thomas-foi-marujo-do-pai-de-anna\/114475","title":{"rendered":"Resumo novela \u201cNovo Mundo\u201d 03\/06: Thomas foi marujo do pai de Anna"},"content":{"rendered":"<p><img loading=\"lazy\" decoding=\"async\" class=\"alignleft size-thumbnail wp-image-107950\" src=\"https:\/\/migracao.redenoticia.com.br\/noticia\/imagens\/novo_mundo_novela_resumo_globo-150x112.jpg\" alt=\"\" width=\"150\" height=\"112\" srcset=\"https:\/\/migracao.redenoticia.com.br\/noticia\/imagens\/novo_mundo_novela_resumo_globo-150x112.jpg 150w, https:\/\/migracao.redenoticia.com.br\/noticia\/imagens\/novo_mundo_novela_resumo_globo-265x198.jpg 265w\" sizes=\"auto, (max-width: 150px) 100vw, 150px\" \/><strong><em>Resumo novela \u201cNovo Mundo\u201d 03\/06<\/em><\/strong>: no cap\u00edtulo 064(*) da novela \u201cNovo Mundo\u201d, resumo de s\u00e1bado, 03 de junho, Joaquim fala de Domitila para Anna. Thomas incentiva Domitila a falar mal de Bonif\u00e1cio para Dom Pedro. Leopoldina pensa em agradar Dom Pedro. Joaquim sugere que Anna fuja da casa de Thomas. Ferdinando n\u00e3o se conforma de perder toda a sua pesquisa para os \u00edndios. Piat\u00e3, Jacira e Olinto procuram Ferdinando pela mata. Germana tenta comprar uma passagem para Portugal. Anna afirma a Joaquim que descobrir\u00e1 toda a verdade sobre Thomas. Cec\u00edlia n\u00e3o consegue terminar seu romance com Lib\u00e9rio. Anna descobre onde Thomas esconde a chave de uma gaveta em seu escrit\u00f3rio. Dom Pedro n\u00e3o comparece ao encontro com Domitila. Licurgo procura por Germana. Diara e Wolfgang libertam as pessoas escravizadas por Sebasti\u00e3o. Anna descobre que Thomas foi marujo de seu pai.<\/p>\n<p>(*) edi\u00e7\u00e3o da Rede Globo, Novela \u201cNovo Mundo\u201d, sujeito a altera\u00e7\u00e3o de data e conte\u00fado.<\/p>\n<p>Novo Mundo \u00e9 uma telenovela brasileira produzida pela Rede Globo. Escrita por Thereza Falc\u00e3o e Alessandro Marson, conta com dire\u00e7\u00e3o art\u00edstica de Vin\u00edcius Coimbra. Conta com as participa\u00e7\u00f5es de Isabelle Drummond, Chay Suede, Caio Castro, Let\u00edcia Colin, Leo Jaime, D\u00e9bora Olivieri, Rodrigo Simas, Giullia Buscacio, Vivianne Pasmanter, Guilherme Piva, R\u00f4mulo Estrela, Agatha Moreira, Luisa Micheletti, Gabriel Braga Nunes, e Ingrid Guimar\u00e3es.<\/p>\n","protected":false},"excerpt":{"rendered":"<p>Resumo novela \u201cNovo Mundo\u201d 03\/06: no cap\u00edtulo 064(*) da novela \u201cNovo Mundo\u201d, resumo de s\u00e1bado, 03 de junho, Joaquim fala de Domitila para Anna. Thomas incentiva Domitila a falar mal de Bonif\u00e1cio para Dom Pedro. Leopoldina pensa em agradar Dom Pedro. Joaquim sugere que Anna fuja da casa de Thomas. Ferdinando n\u00e3o se conforma de [&hellip;]<\/p>\n","protected":false},"author":4,"featured_media":107950,"comment_status":"open","ping_status":"closed","sticky":false,"template":"","format":"standard","meta":{"tdm_status":"","tdm_grid_status":"","footnotes":""},"categories":[379,375,343],"tags":[441],"class_list":{"0":"post-114475","1":"post","2":"type-post","3":"status-publish","4":"format-standard","5":"has-post-thumbnail","7":"category-novelas","8":"category-rede-globo","9":"category-televisao","10":"tag-resumo-do-dia"},"_links":{"self":[{"href":"https:\/\/migracao.redenoticia.com.br\/noticia\/wp-json\/wp\/v2\/posts\/114475","targetHints":{"allow":["GET"]}}],"collection":[{"href":"https:\/\/migracao.redenoticia.com.br\/noticia\/wp-json\/wp\/v2\/posts"}],"about":[{"href":"https:\/\/migracao.redenoticia.com.br\/noticia\/wp-json\/wp\/v2\/types\/post"}],"author":[{"embeddable":true,"href":"https:\/\/migracao.redenoticia.com.br\/noticia\/wp-json\/wp\/v2\/users\/4"}],"replies":[{"embeddable":true,"href":"https:\/\/migracao.redenoticia.com.br\/noticia\/wp-json\/wp\/v2\/comments?post=114475"}],"version-history":[{"count":0,"href":"https:\/\/migracao.redenoticia.com.br\/noticia\/wp-json\/wp\/v2\/posts\/114475\/revisions"}],"wp:featuredmedia":[{"embeddable":true,"href":"https:\/\/migracao.redenoticia.com.br\/noticia\/wp-json\/wp\/v2\/media\/107950"}],"wp:attachment":[{"href":"https:\/\/migracao.redenoticia.com.br\/noticia\/wp-json\/wp\/v2\/media?parent=114475"}],"wp:term":[{"taxonomy":"category","embeddable":true,"href":"https:\/\/migracao.redenoticia.com.br\/noticia\/wp-json\/wp\/v2\/categories?post=114475"},{"taxonomy":"post_tag","embeddable":true,"href":"https:\/\/migracao.redenoticia.com.br\/noticia\/wp-json\/wp\/v2\/tags?post=114475"}],"curies":[{"name":"wp","href":"https:\/\/api.w.org\/{rel}","templated":true}]}}